{"id":877,"date":"2014-03-13T18:05:40","date_gmt":"2014-03-13T21:05:40","guid":{"rendered":"https:\/\/institutocpfl.org.br\/play\/prolongamento-da-vida-mayana-zatz-jorge-forbes-ricardo-caruana-ivo-pitanguy\/"},"modified":"2019-06-05T18:24:05","modified_gmt":"2019-06-05T21:24:05","slug":"tv-prolongamento-da-vida-mayana-zatz-jorge-forbes-ricardo-caruana-ivo-pitanguy","status":"publish","type":"post","link":"https:\/\/institutocpfl.org.br\/play\/tv-prolongamento-da-vida-mayana-zatz-jorge-forbes-ricardo-caruana-ivo-pitanguy\/","title":{"rendered":"vers\u00e3o para tv | prolongamento da vida: vivendo em um mundo onde a vida dura mais do que as institui\u00e7\u00f5es sociais, com mayana zatz, jorge forbes, ricardo caruana, ivo pitanguy"},"content":{"rendered":"<p>O ser humano vive cada vez mais. Mas ser\u00e1 que estamos preparados para estes anos extras que ganhamos no mundo? Prolongamento da Vida trata do aumento da longevidade do homem e nos faz pensar sobre como esse fen\u00f4meno repercute nas rela\u00e7\u00f5es pessoais, profissionais, \u00e9ticas e est\u00e9ticas. Os especialistas Jorge Forbes, psicanalista, Mayana Zatz, geneticista, Ricardo Caruana, arquiteto, e Ivo Pitanguy, cirurgi\u00e3o pl\u00e1stico, discutem as transforma\u00e7\u00f5es deste mundo mais velho e avaliam como suas \u00e1reas contribuem na principal tarefa do homem longevo: a reinven\u00e7\u00e3o de si mesmo.<\/p>\n","protected":false},"excerpt":{"rendered":"<p>O ser humano vive cada vez mais. Mas ser\u00e1 que estamos preparados para estes anos extras que ganhamos no mundo? Prolongamento da Vida trata do aumento da longevidade do homem e nos faz pensar sobre como esse fen\u00f4meno repercute nas rela\u00e7\u00f5es pessoais, profissionais, \u00e9ticas e est\u00e9ticas. Os especialistas Jorge Forbes, psicanalista, Mayana Zatz, geneticista, Ricardo [&hellip;]<\/p>\n","protected":false},"author":1,"featured_media":878,"comment_status":"open","ping_status":"open","sticky":false,"template":"","format":"quote","meta":{"footnotes":""},"categories":[273,1],"tags":[203,73,204],"youtube_video":null,"yoast_head":"<!-- This site is optimized with the Yoast SEO plugin v19.6.1 - https:\/\/yoast.com\/wordpress\/plugins\/seo\/ -->\n<title>vers\u00e3o para tv | prolongamento da vida: vivendo em um mundo onde a vida dura mais do que as institui\u00e7\u00f5es sociais, com mayana zatz, jorge forbes, ricardo caruana, ivo pitanguy - instituto cpfl play<\/title>\n<meta name=\"robots\" content=\"index, follow, max-snippet:-1, max-image-preview:large, max-video-preview:-1\" \/>\n<link rel=\"canonical\" href=\"https:\/\/institutocpfl.org.br\/play\/tv-prolongamento-da-vida-mayana-zatz-jorge-forbes-ricardo-caruana-ivo-pitanguy\/\" \/>\n<meta property=\"og:locale\" content=\"pt_BR\" \/>\n<meta property=\"og:type\" content=\"article\" \/>\n<meta property=\"og:title\" content=\"vers\u00e3o para tv | prolongamento da vida: vivendo em um mundo onde a vida dura mais do que as institui\u00e7\u00f5es sociais, com mayana zatz, jorge forbes, ricardo caruana, ivo pitanguy - instituto cpfl play\" \/>\n<meta property=\"og:description\" content=\"O ser humano vive cada vez mais. Mas ser\u00e1 que estamos preparados para estes anos extras que ganhamos no mundo? Prolongamento da Vida trata do aumento da longevidade do homem e nos faz pensar sobre como esse fen\u00f4meno repercute nas rela\u00e7\u00f5es pessoais, profissionais, \u00e9ticas e est\u00e9ticas. Os especialistas Jorge Forbes, psicanalista, Mayana Zatz, geneticista, Ricardo [&hellip;]\" \/>\n<meta property=\"og:url\" content=\"https:\/\/institutocpfl.org.br\/play\/tv-prolongamento-da-vida-mayana-zatz-jorge-forbes-ricardo-caruana-ivo-pitanguy\/\" \/>\n<meta property=\"og:site_name\" content=\"instituto cpfl play\" \/>\n<meta property=\"article:published_time\" content=\"2014-03-13T21:05:40+00:00\" \/>\n<meta property=\"article:modified_time\" content=\"2019-06-05T21:24:05+00:00\" \/>\n<meta property=\"og:image\" content=\"https:\/\/institutocpfl.org.br\/play\/wp-content\/uploads\/2017\/10\/prolongamento-da-vida-mayana-zatz-jorge-forbes-ricardo-caruana-ivo-pitanguy-vimeo-thumbnail.jpg\" \/>\n\t<meta property=\"og:image:width\" content=\"1920\" \/>\n\t<meta property=\"og:image:height\" content=\"1080\" \/>\n\t<meta property=\"og:image:type\" content=\"image\/jpeg\" \/>\n<meta name=\"author\" content=\"brunoazevedo\" \/>\n<meta name=\"twitter:card\" content=\"summary_large_image\" \/>\n<meta name=\"twitter:label1\" content=\"Escrito por\" \/>\n\t<meta name=\"twitter:data1\" content=\"brunoazevedo\" \/>\n<script type=\"application\/ld+json\" class=\"yoast-schema-graph\">{\"@context\":\"https:\/\/schema.org\",\"@graph\":[{\"@type\":\"Article\",\"@id\":\"https:\/\/institutocpfl.org.br\/play\/tv-prolongamento-da-vida-mayana-zatz-jorge-forbes-ricardo-caruana-ivo-pitanguy\/#article\",\"isPartOf\":{\"@id\":\"https:\/\/institutocpfl.org.br\/play\/tv-prolongamento-da-vida-mayana-zatz-jorge-forbes-ricardo-caruana-ivo-pitanguy\/\"},\"author\":{\"name\":\"brunoazevedo\",\"@id\":\"https:\/\/institutocpfl.org.br\/play\/#\/schema\/person\/5e05f868ce51ddec6c13ff875df83920\"},\"headline\":\"vers\u00e3o para tv | prolongamento da vida: vivendo em um mundo onde a vida dura mais do que as institui\u00e7\u00f5es sociais, com mayana zatz, jorge forbes, ricardo caruana, ivo pitanguy\",\"datePublished\":\"2014-03-13T21:05:40+00:00\",\"dateModified\":\"2019-06-05T21:24:05+00:00\",\"mainEntityOfPage\":{\"@id\":\"https:\/\/institutocpfl.org.br\/play\/tv-prolongamento-da-vida-mayana-zatz-jorge-forbes-ricardo-caruana-ivo-pitanguy\/\"},\"wordCount\":124,\"commentCount\":0,\"publisher\":{\"@id\":\"https:\/\/institutocpfl.org.br\/play\/#organization\"},\"keywords\":[\"2006\",\"caf\u00e9 filos\u00f3fico cpfl\",\"Mayana Zatz\"],\"articleSection\":[\"na tv\"],\"inLanguage\":\"pt-BR\",\"potentialAction\":[{\"@type\":\"CommentAction\",\"name\":\"Comment\",\"target\":[\"https:\/\/institutocpfl.org.br\/play\/tv-prolongamento-da-vida-mayana-zatz-jorge-forbes-ricardo-caruana-ivo-pitanguy\/#respond\"]}]},{\"@type\":\"WebPage\",\"@id\":\"https:\/\/institutocpfl.org.br\/play\/tv-prolongamento-da-vida-mayana-zatz-jorge-forbes-ricardo-caruana-ivo-pitanguy\/\",\"url\":\"https:\/\/institutocpfl.org.br\/play\/tv-prolongamento-da-vida-mayana-zatz-jorge-forbes-ricardo-caruana-ivo-pitanguy\/\",\"name\":\"vers\u00e3o para tv | prolongamento da vida: vivendo em um mundo onde a vida dura mais do que as institui\u00e7\u00f5es sociais, com mayana zatz, jorge forbes, ricardo caruana, ivo pitanguy - instituto cpfl play\",\"isPartOf\":{\"@id\":\"https:\/\/institutocpfl.org.br\/play\/#website\"},\"datePublished\":\"2014-03-13T21:05:40+00:00\",\"dateModified\":\"2019-06-05T21:24:05+00:00\",\"breadcrumb\":{\"@id\":\"https:\/\/institutocpfl.org.br\/play\/tv-prolongamento-da-vida-mayana-zatz-jorge-forbes-ricardo-caruana-ivo-pitanguy\/#breadcrumb\"},\"inLanguage\":\"pt-BR\",\"potentialAction\":[{\"@type\":\"ReadAction\",\"target\":[\"https:\/\/institutocpfl.org.br\/play\/tv-prolongamento-da-vida-mayana-zatz-jorge-forbes-ricardo-caruana-ivo-pitanguy\/\"]}]},{\"@type\":\"BreadcrumbList\",\"@id\":\"https:\/\/institutocpfl.org.br\/play\/tv-prolongamento-da-vida-mayana-zatz-jorge-forbes-ricardo-caruana-ivo-pitanguy\/#breadcrumb\",\"itemListElement\":[{\"@type\":\"ListItem\",\"position\":1,\"name\":\"vers\u00e3o para tv | prolongamento da vida: vivendo em um mundo onde a vida dura mais do que as institui\u00e7\u00f5es sociais, com mayana zatz, jorge forbes, ricardo caruana, ivo pitanguy\"}]},{\"@type\":\"WebSite\",\"@id\":\"https:\/\/institutocpfl.org.br\/play\/#website\",\"url\":\"https:\/\/institutocpfl.org.br\/play\/\",\"name\":\"instituto cpfl play\",\"description\":\"programa\u00e7\u00e3o audiovisual\",\"publisher\":{\"@id\":\"https:\/\/institutocpfl.org.br\/play\/#organization\"},\"potentialAction\":[{\"@type\":\"SearchAction\",\"target\":{\"@type\":\"EntryPoint\",\"urlTemplate\":\"https:\/\/institutocpfl.org.br\/play\/?s={search_term_string}\"},\"query-input\":\"required name=search_term_string\"}],\"inLanguage\":\"pt-BR\"},{\"@type\":\"Organization\",\"@id\":\"https:\/\/institutocpfl.org.br\/play\/#organization\",\"name\":\"instituto cpfl play\",\"url\":\"https:\/\/institutocpfl.org.br\/play\/\",\"sameAs\":[],\"logo\":{\"@type\":\"ImageObject\",\"inLanguage\":\"pt-BR\",\"@id\":\"https:\/\/institutocpfl.org.br\/play\/#\/schema\/logo\/image\/\",\"url\":\"https:\/\/institutocpfl.org.br\/play\/wp-content\/uploads\/2017\/11\/logo-cpfl-play__old.png\",\"contentUrl\":\"https:\/\/institutocpfl.org.br\/play\/wp-content\/uploads\/2017\/11\/logo-cpfl-play__old.png\",\"width\":130,\"height\":58,\"caption\":\"instituto cpfl play\"},\"image\":{\"@id\":\"https:\/\/institutocpfl.org.br\/play\/#\/schema\/logo\/image\/\"}},{\"@type\":\"Person\",\"@id\":\"https:\/\/institutocpfl.org.br\/play\/#\/schema\/person\/5e05f868ce51ddec6c13ff875df83920\",\"name\":\"brunoazevedo\",\"image\":{\"@type\":\"ImageObject\",\"inLanguage\":\"pt-BR\",\"@id\":\"https:\/\/institutocpfl.org.br\/play\/#\/schema\/person\/image\/\",\"url\":\"https:\/\/secure.gravatar.com\/avatar\/3b0c5412e27e086f96981109a1bc70f3?s=96&d=mm&r=g\",\"contentUrl\":\"https:\/\/secure.gravatar.com\/avatar\/3b0c5412e27e086f96981109a1bc70f3?s=96&d=mm&r=g\",\"caption\":\"brunoazevedo\"},\"url\":\"https:\/\/institutocpfl.org.br\/play\/author\/brunoazevedo\/\"}]}<\/script>\n<!-- \/ Yoast SEO plugin. -->","yoast_head_json":{"title":"vers\u00e3o para tv | prolongamento da vida: vivendo em um mundo onde a vida dura mais do que as institui\u00e7\u00f5es sociais, com mayana zatz, jorge forbes, ricardo caruana, ivo pitanguy - instituto cpfl play","robots":{"index":"index","follow":"follow","max-snippet":"max-snippet:-1","max-image-preview":"max-image-preview:large","max-video-preview":"max-video-preview:-1"},"canonical":"https:\/\/institutocpfl.org.br\/play\/tv-prolongamento-da-vida-mayana-zatz-jorge-forbes-ricardo-caruana-ivo-pitanguy\/","og_locale":"pt_BR","og_type":"article","og_title":"vers\u00e3o para tv | prolongamento da vida: vivendo em um mundo onde a vida dura mais do que as institui\u00e7\u00f5es sociais, com mayana zatz, jorge forbes, ricardo caruana, ivo pitanguy - instituto cpfl play","og_description":"O ser humano vive cada vez mais. Mas ser\u00e1 que estamos preparados para estes anos extras que ganhamos no mundo? Prolongamento da Vida trata do aumento da longevidade do homem e nos faz pensar sobre como esse fen\u00f4meno repercute nas rela\u00e7\u00f5es pessoais, profissionais, \u00e9ticas e est\u00e9ticas. Os especialistas Jorge Forbes, psicanalista, Mayana Zatz, geneticista, Ricardo [&hellip;]","og_url":"https:\/\/institutocpfl.org.br\/play\/tv-prolongamento-da-vida-mayana-zatz-jorge-forbes-ricardo-caruana-ivo-pitanguy\/","og_site_name":"instituto cpfl play","article_published_time":"2014-03-13T21:05:40+00:00","article_modified_time":"2019-06-05T21:24:05+00:00","og_image":[{"width":1920,"height":1080,"url":"https:\/\/institutocpfl.org.br\/play\/wp-content\/uploads\/2017\/10\/prolongamento-da-vida-mayana-zatz-jorge-forbes-ricardo-caruana-ivo-pitanguy-vimeo-thumbnail.jpg","type":"image\/jpeg"}],"author":"brunoazevedo","twitter_card":"summary_large_image","twitter_misc":{"Escrito por":"brunoazevedo"},"schema":{"@context":"https:\/\/schema.org","@graph":[{"@type":"Article","@id":"https:\/\/institutocpfl.org.br\/play\/tv-prolongamento-da-vida-mayana-zatz-jorge-forbes-ricardo-caruana-ivo-pitanguy\/#article","isPartOf":{"@id":"https:\/\/institutocpfl.org.br\/play\/tv-prolongamento-da-vida-mayana-zatz-jorge-forbes-ricardo-caruana-ivo-pitanguy\/"},"author":{"name":"brunoazevedo","@id":"https:\/\/institutocpfl.org.br\/play\/#\/schema\/person\/5e05f868ce51ddec6c13ff875df83920"},"headline":"vers\u00e3o para tv | prolongamento da vida: vivendo em um mundo onde a vida dura mais do que as institui\u00e7\u00f5es sociais, com mayana zatz, jorge forbes, ricardo caruana, ivo pitanguy","datePublished":"2014-03-13T21:05:40+00:00","dateModified":"2019-06-05T21:24:05+00:00","mainEntityOfPage":{"@id":"https:\/\/institutocpfl.org.br\/play\/tv-prolongamento-da-vida-mayana-zatz-jorge-forbes-ricardo-caruana-ivo-pitanguy\/"},"wordCount":124,"commentCount":0,"publisher":{"@id":"https:\/\/institutocpfl.org.br\/play\/#organization"},"keywords":["2006","caf\u00e9 filos\u00f3fico cpfl","Mayana Zatz"],"articleSection":["na tv"],"inLanguage":"pt-BR","potentialAction":[{"@type":"CommentAction","name":"Comment","target":["https:\/\/institutocpfl.org.br\/play\/tv-prolongamento-da-vida-mayana-zatz-jorge-forbes-ricardo-caruana-ivo-pitanguy\/#respond"]}]},{"@type":"WebPage","@id":"https:\/\/institutocpfl.org.br\/play\/tv-prolongamento-da-vida-mayana-zatz-jorge-forbes-ricardo-caruana-ivo-pitanguy\/","url":"https:\/\/institutocpfl.org.br\/play\/tv-prolongamento-da-vida-mayana-zatz-jorge-forbes-ricardo-caruana-ivo-pitanguy\/","name":"vers\u00e3o para tv | prolongamento da vida: vivendo em um mundo onde a vida dura mais do que as institui\u00e7\u00f5es sociais, com mayana zatz, jorge forbes, ricardo caruana, ivo pitanguy - instituto cpfl play","isPartOf":{"@id":"https:\/\/institutocpfl.org.br\/play\/#website"},"datePublished":"2014-03-13T21:05:40+00:00","dateModified":"2019-06-05T21:24:05+00:00","breadcrumb":{"@id":"https:\/\/institutocpfl.org.br\/play\/tv-prolongamento-da-vida-mayana-zatz-jorge-forbes-ricardo-caruana-ivo-pitanguy\/#breadcrumb"},"inLanguage":"pt-BR","potentialAction":[{"@type":"ReadAction","target":["https:\/\/institutocpfl.org.br\/play\/tv-prolongamento-da-vida-mayana-zatz-jorge-forbes-ricardo-caruana-ivo-pitanguy\/"]}]},{"@type":"BreadcrumbList","@id":"https:\/\/institutocpfl.org.br\/play\/tv-prolongamento-da-vida-mayana-zatz-jorge-forbes-ricardo-caruana-ivo-pitanguy\/#breadcrumb","itemListElement":[{"@type":"ListItem","position":1,"name":"vers\u00e3o para tv | prolongamento da vida: vivendo em um mundo onde a vida dura mais do que as institui\u00e7\u00f5es sociais, com mayana zatz, jorge forbes, ricardo caruana, ivo pitanguy"}]},{"@type":"WebSite","@id":"https:\/\/institutocpfl.org.br\/play\/#website","url":"https:\/\/institutocpfl.org.br\/play\/","name":"instituto cpfl play","description":"programa\u00e7\u00e3o audiovisual","publisher":{"@id":"https:\/\/institutocpfl.org.br\/play\/#organization"},"potentialAction":[{"@type":"SearchAction","target":{"@type":"EntryPoint","urlTemplate":"https:\/\/institutocpfl.org.br\/play\/?s={search_term_string}"},"query-input":"required name=search_term_string"}],"inLanguage":"pt-BR"},{"@type":"Organization","@id":"https:\/\/institutocpfl.org.br\/play\/#organization","name":"instituto cpfl play","url":"https:\/\/institutocpfl.org.br\/play\/","sameAs":[],"logo":{"@type":"ImageObject","inLanguage":"pt-BR","@id":"https:\/\/institutocpfl.org.br\/play\/#\/schema\/logo\/image\/","url":"https:\/\/institutocpfl.org.br\/play\/wp-content\/uploads\/2017\/11\/logo-cpfl-play__old.png","contentUrl":"https:\/\/institutocpfl.org.br\/play\/wp-content\/uploads\/2017\/11\/logo-cpfl-play__old.png","width":130,"height":58,"caption":"instituto cpfl play"},"image":{"@id":"https:\/\/institutocpfl.org.br\/play\/#\/schema\/logo\/image\/"}},{"@type":"Person","@id":"https:\/\/institutocpfl.org.br\/play\/#\/schema\/person\/5e05f868ce51ddec6c13ff875df83920","name":"brunoazevedo","image":{"@type":"ImageObject","inLanguage":"pt-BR","@id":"https:\/\/institutocpfl.org.br\/play\/#\/schema\/person\/image\/","url":"https:\/\/secure.gravatar.com\/avatar\/3b0c5412e27e086f96981109a1bc70f3?s=96&d=mm&r=g","contentUrl":"https:\/\/secure.gravatar.com\/avatar\/3b0c5412e27e086f96981109a1bc70f3?s=96&d=mm&r=g","caption":"brunoazevedo"},"url":"https:\/\/institutocpfl.org.br\/play\/author\/brunoazevedo\/"}]}},"_links":{"self":[{"href":"https:\/\/institutocpfl.org.br\/play\/wp-json\/wp\/v2\/posts\/877"}],"collection":[{"href":"https:\/\/institutocpfl.org.br\/play\/wp-json\/wp\/v2\/posts"}],"about":[{"href":"https:\/\/institutocpfl.org.br\/play\/wp-json\/wp\/v2\/types\/post"}],"author":[{"embeddable":true,"href":"https:\/\/institutocpfl.org.br\/play\/wp-json\/wp\/v2\/users\/1"}],"replies":[{"embeddable":true,"href":"https:\/\/institutocpfl.org.br\/play\/wp-json\/wp\/v2\/comments?post=877"}],"version-history":[{"count":2,"href":"https:\/\/institutocpfl.org.br\/play\/wp-json\/wp\/v2\/posts\/877\/revisions"}],"predecessor-version":[{"id":2983,"href":"https:\/\/institutocpfl.org.br\/play\/wp-json\/wp\/v2\/posts\/877\/revisions\/2983"}],"wp:featuredmedia":[{"embeddable":true,"href":"https:\/\/institutocpfl.org.br\/play\/wp-json\/wp\/v2\/media\/878"}],"wp:attachment":[{"href":"https:\/\/institutocpfl.org.br\/play\/wp-json\/wp\/v2\/media?parent=877"}],"wp:term":[{"taxonomy":"category","embeddable":true,"href":"https:\/\/institutocpfl.org.br\/play\/wp-json\/wp\/v2\/categories?post=877"},{"taxonomy":"post_tag","embeddable":true,"href":"https:\/\/institutocpfl.org.br\/play\/wp-json\/wp\/v2\/tags?post=877"}],"curies":[{"name":"wp","href":"https:\/\/api.w.org\/{rel}","templated":true}]}}