{"id":8249,"date":"2020-05-15T16:19:35","date_gmt":"2020-05-15T16:19:35","guid":{"rendered":"https:\/\/institutocpfl.org.br\/play\/?post_type=video&#038;p=8249"},"modified":"2020-10-15T18:51:56","modified_gmt":"2020-10-15T21:51:56","slug":"ep5-o-que-e-ser-brasileiro","status":"publish","type":"post","link":"https:\/\/institutocpfl.org.br\/play\/ep5-o-que-e-ser-brasileiro\/","title":{"rendered":"ep5. o que \u00e9 ser brasileiro?"},"content":{"rendered":"<p>A sociedade brasileira \u00e9, desde seus prim\u00f3rdios, um complexo encontro, nem sempre amistoso e pac\u00edfico, de grupos \u00e9tnicos e sociais distintos. A desigualdade social \u00e9 uma marca profunda em nossa personalidade coletiva, onde a pr\u00f3pria defini\u00e7\u00e3o dessa personalidade tem sido motivo de disputas no campo das significa\u00e7\u00f5es. Como a sociedade brasileira tem se transformado? \u00c9 poss\u00edvel falar em uma personalidade simples e coesa que nos identifique como grupo? Como as diferentes comunidades dentro do pa\u00eds formam uma na\u00e7\u00e3o? Quais as dificuldades intr\u00ednsecas a essa forma\u00e7\u00e3o?<\/p>\n<p>Com M\u00e1rio Medeiros, pesquisador, soci\u00f3logo e docente da Unicamp. Acervo do @Caf\u00e9 Filos\u00f3fico CPFL: Contardo Calligaris e Fred Coelho.<br \/>\n. . .<br \/>\n#reflexoescontemporaneas2 \u00e9 uma s\u00e9rie in\u00e9dita com 8 epis\u00f3dios produzida pelo @instituto cpfl em parceria com a Sete Mares Filmes a partir do acervo do Caf\u00e9 Filos\u00f3fico CPFL.<\/p>\n<p>Siga o Instituto CPFL<br \/>\n\u2022 Facebook: <a href=\"https:\/\/www.facebook.com\/institutocpfl\"><span style=\"color: #0000ff;\">https:\/\/www.facebook.com\/institutocpfl<\/span><\/a><br \/>\n\u2022 Twitter: <a href=\"https:\/\/twitter.com\/cafe_filosofico\"><span style=\"color: #0000ff;\">https:\/\/twitter.com\/cafe_filosofico<\/span><\/a><br \/>\n\u2022 Site: <a href=\"http:\/\/www.institutocpfl.org.br\/\"><span style=\"color: #0000ff;\">http:\/\/www.institutocpfl.org.br\/<\/span><\/a><\/p>\n","protected":false},"excerpt":{"rendered":"<p>A sociedade brasileira \u00e9, desde seus prim\u00f3rdios, um complexo encontro, nem sempre amistoso e pac\u00edfico, de grupos \u00e9tnicos e sociais distintos. A desigualdade social \u00e9 uma marca profunda em nossa personalidade coletiva, onde a pr\u00f3pria defini\u00e7\u00e3o dessa personalidade tem sido motivo de disputas no campo das significa\u00e7\u00f5es. Como a sociedade brasileira tem se transformado? \u00c9 [&hellip;]<\/p>\n","protected":false},"author":2,"featured_media":8250,"comment_status":"open","ping_status":"open","sticky":false,"template":"","format":"video","meta":{"footnotes":""},"categories":[1],"tags":[],"youtube_video":{"channel_id":"UCHWGetZI1aF_VGkqvs6DZzw","channel_title":"instituto cpfl","title":"ep5. o que \u00e9 ser brasileiro?","description":"A sociedade brasileira \u00e9, desde seus prim\u00f3rdios, um complexo encontro, nem sempre amistoso e pac\u00edfico, de grupos \u00e9tnicos e sociais distintos. A desigualdade social \u00e9 uma marca profunda em nossa personalidade coletiva, onde a pr\u00f3pria defini\u00e7\u00e3o dessa personalidade tem sido motivo de disputas no campo das significa\u00e7\u00f5es. Como a sociedade brasileira tem se transformado? \u00c9 poss\u00edvel falar em uma personalidade simples e coesa que nos identifique como grupo? Como as diferentes comunidades dentro do pa\u00eds formam uma na\u00e7\u00e3o? Quais as dificuldades intr\u00ednsecas a essa forma\u00e7\u00e3o? \n\nCom M\u00e1rio Medeiros, pesquisador, soci\u00f3logo e docente da Unicamp. Acervo do @Caf\u00e9 Filos\u00f3fico CPFL: Contardo Calligaris e Fred Coelho. \n. . .\n#reflexoescontemporaneas2 \u00e9 uma s\u00e9rie in\u00e9dita com 8 epis\u00f3dios produzida pelo  @instituto cpfl  em parceria com a Sete Mares Filmes a partir do acervo do Caf\u00e9 Filos\u00f3fico CPFL. Assista a s\u00e9rie completa em https:\/\/www.youtube.com\/playlist?list=PL4SR0cOJS2pO7eACnnHZSc9GlsmXQqlUF.","category_id":"27","category":"Education","tags":[],"duration":1034,"iso_duration":"PT17M14S","human_duration":"17:14","definition":"hd","thumbnails":{"default":{"url":"https:\/\/i.ytimg.com\/vi\/LqEjHQZGOYs\/default.jpg","width":120,"height":90},"medium":{"url":"https:\/\/i.ytimg.com\/vi\/LqEjHQZGOYs\/mqdefault.jpg","width":320,"height":180},"high":{"url":"https:\/\/i.ytimg.com\/vi\/LqEjHQZGOYs\/hqdefault.jpg","width":480,"height":360},"standard":{"url":"https:\/\/i.ytimg.com\/vi\/LqEjHQZGOYs\/sddefault.jpg","width":640,"height":480},"maxres":{"url":"https:\/\/i.ytimg.com\/vi\/LqEjHQZGOYs\/maxresdefault.jpg","width":1280,"height":720}},"video_id":"LqEjHQZGOYs","published":"2020-05-15 16:19:35","stats":{"comments":"6","views":"1043","likes":"40","dislikes":"5","favourite":"0"},"privacy":{"status":"public","embeddable":true,"license":"youtube"}},"yoast_head":"<!-- This site is optimized with the Yoast SEO plugin v19.6.1 - https:\/\/yoast.com\/wordpress\/plugins\/seo\/ -->\n<title>ep5. o que \u00e9 ser brasileiro? - instituto cpfl play<\/title>\n<meta name=\"robots\" content=\"index, follow, max-snippet:-1, max-image-preview:large, max-video-preview:-1\" \/>\n<link rel=\"canonical\" href=\"https:\/\/institutocpfl.org.br\/play\/ep5-o-que-e-ser-brasileiro\/\" \/>\n<meta property=\"og:locale\" content=\"pt_BR\" \/>\n<meta property=\"og:type\" content=\"article\" \/>\n<meta property=\"og:title\" content=\"ep5. o que \u00e9 ser brasileiro? - instituto cpfl play\" \/>\n<meta property=\"og:description\" content=\"A sociedade brasileira \u00e9, desde seus prim\u00f3rdios, um complexo encontro, nem sempre amistoso e pac\u00edfico, de grupos \u00e9tnicos e sociais distintos. A desigualdade social \u00e9 uma marca profunda em nossa personalidade coletiva, onde a pr\u00f3pria defini\u00e7\u00e3o dessa personalidade tem sido motivo de disputas no campo das significa\u00e7\u00f5es. Como a sociedade brasileira tem se transformado? \u00c9 [&hellip;]\" \/>\n<meta property=\"og:url\" content=\"https:\/\/institutocpfl.org.br\/play\/ep5-o-que-e-ser-brasileiro\/\" \/>\n<meta property=\"og:site_name\" content=\"instituto cpfl play\" \/>\n<meta property=\"article:published_time\" content=\"2020-05-15T16:19:35+00:00\" \/>\n<meta property=\"article:modified_time\" content=\"2020-10-15T21:51:56+00:00\" \/>\n<meta property=\"og:image\" content=\"https:\/\/institutocpfl.org.br\/play\/wp-content\/uploads\/2020\/10\/posttypevideop8249-youtube-thumbnail.jpg\" \/>\n\t<meta property=\"og:image:width\" content=\"640\" \/>\n\t<meta property=\"og:image:height\" content=\"480\" \/>\n\t<meta property=\"og:image:type\" content=\"image\/jpeg\" \/>\n<meta name=\"author\" content=\"Andre Deak\" \/>\n<meta name=\"twitter:card\" content=\"summary_large_image\" \/>\n<meta name=\"twitter:label1\" content=\"Escrito por\" \/>\n\t<meta name=\"twitter:data1\" content=\"Andre Deak\" \/>\n\t<meta name=\"twitter:label2\" content=\"Est. tempo de leitura\" \/>\n\t<meta name=\"twitter:data2\" content=\"1 minuto\" \/>\n<script type=\"application\/ld+json\" class=\"yoast-schema-graph\">{\"@context\":\"https:\/\/schema.org\",\"@graph\":[{\"@type\":\"Article\",\"@id\":\"https:\/\/institutocpfl.org.br\/play\/ep5-o-que-e-ser-brasileiro\/#article\",\"isPartOf\":{\"@id\":\"https:\/\/institutocpfl.org.br\/play\/ep5-o-que-e-ser-brasileiro\/\"},\"author\":{\"name\":\"Andre Deak\",\"@id\":\"https:\/\/institutocpfl.org.br\/play\/#\/schema\/person\/b4c71b5bf04dae27ff07b2e74f55f110\"},\"headline\":\"ep5. o que \u00e9 ser brasileiro?\",\"datePublished\":\"2020-05-15T16:19:35+00:00\",\"dateModified\":\"2020-10-15T21:51:56+00:00\",\"mainEntityOfPage\":{\"@id\":\"https:\/\/institutocpfl.org.br\/play\/ep5-o-que-e-ser-brasileiro\/\"},\"wordCount\":170,\"commentCount\":0,\"publisher\":{\"@id\":\"https:\/\/institutocpfl.org.br\/play\/#organization\"},\"inLanguage\":\"pt-BR\",\"potentialAction\":[{\"@type\":\"CommentAction\",\"name\":\"Comment\",\"target\":[\"https:\/\/institutocpfl.org.br\/play\/ep5-o-que-e-ser-brasileiro\/#respond\"]}]},{\"@type\":\"WebPage\",\"@id\":\"https:\/\/institutocpfl.org.br\/play\/ep5-o-que-e-ser-brasileiro\/\",\"url\":\"https:\/\/institutocpfl.org.br\/play\/ep5-o-que-e-ser-brasileiro\/\",\"name\":\"ep5. o que \u00e9 ser brasileiro? - instituto cpfl play\",\"isPartOf\":{\"@id\":\"https:\/\/institutocpfl.org.br\/play\/#website\"},\"datePublished\":\"2020-05-15T16:19:35+00:00\",\"dateModified\":\"2020-10-15T21:51:56+00:00\",\"breadcrumb\":{\"@id\":\"https:\/\/institutocpfl.org.br\/play\/ep5-o-que-e-ser-brasileiro\/#breadcrumb\"},\"inLanguage\":\"pt-BR\",\"potentialAction\":[{\"@type\":\"ReadAction\",\"target\":[\"https:\/\/institutocpfl.org.br\/play\/ep5-o-que-e-ser-brasileiro\/\"]}]},{\"@type\":\"BreadcrumbList\",\"@id\":\"https:\/\/institutocpfl.org.br\/play\/ep5-o-que-e-ser-brasileiro\/#breadcrumb\",\"itemListElement\":[{\"@type\":\"ListItem\",\"position\":1,\"name\":\"ep5. o que \u00e9 ser brasileiro?\"}]},{\"@type\":\"WebSite\",\"@id\":\"https:\/\/institutocpfl.org.br\/play\/#website\",\"url\":\"https:\/\/institutocpfl.org.br\/play\/\",\"name\":\"instituto cpfl play\",\"description\":\"programa\u00e7\u00e3o audiovisual\",\"publisher\":{\"@id\":\"https:\/\/institutocpfl.org.br\/play\/#organization\"},\"potentialAction\":[{\"@type\":\"SearchAction\",\"target\":{\"@type\":\"EntryPoint\",\"urlTemplate\":\"https:\/\/institutocpfl.org.br\/play\/?s={search_term_string}\"},\"query-input\":\"required name=search_term_string\"}],\"inLanguage\":\"pt-BR\"},{\"@type\":\"Organization\",\"@id\":\"https:\/\/institutocpfl.org.br\/play\/#organization\",\"name\":\"instituto cpfl play\",\"url\":\"https:\/\/institutocpfl.org.br\/play\/\",\"sameAs\":[],\"logo\":{\"@type\":\"ImageObject\",\"inLanguage\":\"pt-BR\",\"@id\":\"https:\/\/institutocpfl.org.br\/play\/#\/schema\/logo\/image\/\",\"url\":\"https:\/\/institutocpfl.org.br\/play\/wp-content\/uploads\/2017\/11\/logo-cpfl-play__old.png\",\"contentUrl\":\"https:\/\/institutocpfl.org.br\/play\/wp-content\/uploads\/2017\/11\/logo-cpfl-play__old.png\",\"width\":130,\"height\":58,\"caption\":\"instituto cpfl play\"},\"image\":{\"@id\":\"https:\/\/institutocpfl.org.br\/play\/#\/schema\/logo\/image\/\"}},{\"@type\":\"Person\",\"@id\":\"https:\/\/institutocpfl.org.br\/play\/#\/schema\/person\/b4c71b5bf04dae27ff07b2e74f55f110\",\"name\":\"Andre Deak\",\"image\":{\"@type\":\"ImageObject\",\"inLanguage\":\"pt-BR\",\"@id\":\"https:\/\/institutocpfl.org.br\/play\/#\/schema\/person\/image\/\",\"url\":\"https:\/\/secure.gravatar.com\/avatar\/88eff11c4ccd440e79cdf2ec6a2d8e79?s=96&d=mm&r=g\",\"contentUrl\":\"https:\/\/secure.gravatar.com\/avatar\/88eff11c4ccd440e79cdf2ec6a2d8e79?s=96&d=mm&r=g\",\"caption\":\"Andre Deak\"},\"url\":\"https:\/\/institutocpfl.org.br\/play\/author\/andredeak\/\"}]}<\/script>\n<!-- \/ Yoast SEO plugin. -->","yoast_head_json":{"title":"ep5. o que \u00e9 ser brasileiro? - instituto cpfl play","robots":{"index":"index","follow":"follow","max-snippet":"max-snippet:-1","max-image-preview":"max-image-preview:large","max-video-preview":"max-video-preview:-1"},"canonical":"https:\/\/institutocpfl.org.br\/play\/ep5-o-que-e-ser-brasileiro\/","og_locale":"pt_BR","og_type":"article","og_title":"ep5. o que \u00e9 ser brasileiro? - instituto cpfl play","og_description":"A sociedade brasileira \u00e9, desde seus prim\u00f3rdios, um complexo encontro, nem sempre amistoso e pac\u00edfico, de grupos \u00e9tnicos e sociais distintos. A desigualdade social \u00e9 uma marca profunda em nossa personalidade coletiva, onde a pr\u00f3pria defini\u00e7\u00e3o dessa personalidade tem sido motivo de disputas no campo das significa\u00e7\u00f5es. Como a sociedade brasileira tem se transformado? \u00c9 [&hellip;]","og_url":"https:\/\/institutocpfl.org.br\/play\/ep5-o-que-e-ser-brasileiro\/","og_site_name":"instituto cpfl play","article_published_time":"2020-05-15T16:19:35+00:00","article_modified_time":"2020-10-15T21:51:56+00:00","og_image":[{"width":640,"height":480,"url":"https:\/\/institutocpfl.org.br\/play\/wp-content\/uploads\/2020\/10\/posttypevideop8249-youtube-thumbnail.jpg","type":"image\/jpeg"}],"author":"Andre Deak","twitter_card":"summary_large_image","twitter_misc":{"Escrito por":"Andre Deak","Est. tempo de leitura":"1 minuto"},"schema":{"@context":"https:\/\/schema.org","@graph":[{"@type":"Article","@id":"https:\/\/institutocpfl.org.br\/play\/ep5-o-que-e-ser-brasileiro\/#article","isPartOf":{"@id":"https:\/\/institutocpfl.org.br\/play\/ep5-o-que-e-ser-brasileiro\/"},"author":{"name":"Andre Deak","@id":"https:\/\/institutocpfl.org.br\/play\/#\/schema\/person\/b4c71b5bf04dae27ff07b2e74f55f110"},"headline":"ep5. o que \u00e9 ser brasileiro?","datePublished":"2020-05-15T16:19:35+00:00","dateModified":"2020-10-15T21:51:56+00:00","mainEntityOfPage":{"@id":"https:\/\/institutocpfl.org.br\/play\/ep5-o-que-e-ser-brasileiro\/"},"wordCount":170,"commentCount":0,"publisher":{"@id":"https:\/\/institutocpfl.org.br\/play\/#organization"},"inLanguage":"pt-BR","potentialAction":[{"@type":"CommentAction","name":"Comment","target":["https:\/\/institutocpfl.org.br\/play\/ep5-o-que-e-ser-brasileiro\/#respond"]}]},{"@type":"WebPage","@id":"https:\/\/institutocpfl.org.br\/play\/ep5-o-que-e-ser-brasileiro\/","url":"https:\/\/institutocpfl.org.br\/play\/ep5-o-que-e-ser-brasileiro\/","name":"ep5. o que \u00e9 ser brasileiro? - instituto cpfl play","isPartOf":{"@id":"https:\/\/institutocpfl.org.br\/play\/#website"},"datePublished":"2020-05-15T16:19:35+00:00","dateModified":"2020-10-15T21:51:56+00:00","breadcrumb":{"@id":"https:\/\/institutocpfl.org.br\/play\/ep5-o-que-e-ser-brasileiro\/#breadcrumb"},"inLanguage":"pt-BR","potentialAction":[{"@type":"ReadAction","target":["https:\/\/institutocpfl.org.br\/play\/ep5-o-que-e-ser-brasileiro\/"]}]},{"@type":"BreadcrumbList","@id":"https:\/\/institutocpfl.org.br\/play\/ep5-o-que-e-ser-brasileiro\/#breadcrumb","itemListElement":[{"@type":"ListItem","position":1,"name":"ep5. o que \u00e9 ser brasileiro?"}]},{"@type":"WebSite","@id":"https:\/\/institutocpfl.org.br\/play\/#website","url":"https:\/\/institutocpfl.org.br\/play\/","name":"instituto cpfl play","description":"programa\u00e7\u00e3o audiovisual","publisher":{"@id":"https:\/\/institutocpfl.org.br\/play\/#organization"},"potentialAction":[{"@type":"SearchAction","target":{"@type":"EntryPoint","urlTemplate":"https:\/\/institutocpfl.org.br\/play\/?s={search_term_string}"},"query-input":"required name=search_term_string"}],"inLanguage":"pt-BR"},{"@type":"Organization","@id":"https:\/\/institutocpfl.org.br\/play\/#organization","name":"instituto cpfl play","url":"https:\/\/institutocpfl.org.br\/play\/","sameAs":[],"logo":{"@type":"ImageObject","inLanguage":"pt-BR","@id":"https:\/\/institutocpfl.org.br\/play\/#\/schema\/logo\/image\/","url":"https:\/\/institutocpfl.org.br\/play\/wp-content\/uploads\/2017\/11\/logo-cpfl-play__old.png","contentUrl":"https:\/\/institutocpfl.org.br\/play\/wp-content\/uploads\/2017\/11\/logo-cpfl-play__old.png","width":130,"height":58,"caption":"instituto cpfl play"},"image":{"@id":"https:\/\/institutocpfl.org.br\/play\/#\/schema\/logo\/image\/"}},{"@type":"Person","@id":"https:\/\/institutocpfl.org.br\/play\/#\/schema\/person\/b4c71b5bf04dae27ff07b2e74f55f110","name":"Andre Deak","image":{"@type":"ImageObject","inLanguage":"pt-BR","@id":"https:\/\/institutocpfl.org.br\/play\/#\/schema\/person\/image\/","url":"https:\/\/secure.gravatar.com\/avatar\/88eff11c4ccd440e79cdf2ec6a2d8e79?s=96&d=mm&r=g","contentUrl":"https:\/\/secure.gravatar.com\/avatar\/88eff11c4ccd440e79cdf2ec6a2d8e79?s=96&d=mm&r=g","caption":"Andre Deak"},"url":"https:\/\/institutocpfl.org.br\/play\/author\/andredeak\/"}]}},"_links":{"self":[{"href":"https:\/\/institutocpfl.org.br\/play\/wp-json\/wp\/v2\/posts\/8249"}],"collection":[{"href":"https:\/\/institutocpfl.org.br\/play\/wp-json\/wp\/v2\/posts"}],"about":[{"href":"https:\/\/institutocpfl.org.br\/play\/wp-json\/wp\/v2\/types\/post"}],"author":[{"embeddable":true,"href":"https:\/\/institutocpfl.org.br\/play\/wp-json\/wp\/v2\/users\/2"}],"replies":[{"embeddable":true,"href":"https:\/\/institutocpfl.org.br\/play\/wp-json\/wp\/v2\/comments?post=8249"}],"version-history":[{"count":2,"href":"https:\/\/institutocpfl.org.br\/play\/wp-json\/wp\/v2\/posts\/8249\/revisions"}],"predecessor-version":[{"id":8252,"href":"https:\/\/institutocpfl.org.br\/play\/wp-json\/wp\/v2\/posts\/8249\/revisions\/8252"}],"wp:featuredmedia":[{"embeddable":true,"href":"https:\/\/institutocpfl.org.br\/play\/wp-json\/wp\/v2\/media\/8250"}],"wp:attachment":[{"href":"https:\/\/institutocpfl.org.br\/play\/wp-json\/wp\/v2\/media?parent=8249"}],"wp:term":[{"taxonomy":"category","embeddable":true,"href":"https:\/\/institutocpfl.org.br\/play\/wp-json\/wp\/v2\/categories?post=8249"},{"taxonomy":"post_tag","embeddable":true,"href":"https:\/\/institutocpfl.org.br\/play\/wp-json\/wp\/v2\/tags?post=8249"}],"curies":[{"name":"wp","href":"https:\/\/api.w.org\/{rel}","templated":true}]}}