{"id":7435,"date":"2016-08-30T20:37:16","date_gmt":"2016-08-30T20:37:16","guid":{"rendered":"https:\/\/institutocpfl.org.br\/play\/?post_type=video&#038;p=7435"},"modified":"2020-09-10T15:06:11","modified_gmt":"2020-09-10T18:06:11","slug":"sintomas-sociais-e-racionalidade-diagnostica-nelson-da-silva-jr","status":"publish","type":"post","link":"https:\/\/institutocpfl.org.br\/play\/sintomas-sociais-e-racionalidade-diagnostica-nelson-da-silva-jr\/","title":{"rendered":"Sintomas Sociais e Racionalidade Diagn\u00f3stica | Nelson da Silva Jr."},"content":{"rendered":"<p>\u201cMal-estar, sofrimento, sintoma\u201d \u2013 podem indicar caminhos para a transforma\u00e7\u00e3o, tanto pessoal como social. Mas depende muito da forma como enxergamos e diagnosticamos tudo isso.<br \/>\nNeste programa o psicanalista Nelson da Silva Jr. traz uma an\u00e1lise sobre algumas das principais racionalidades diagn\u00f3sticas do nosso tempo, e suas implica\u00e7\u00f5es.<\/p>\n<p>Programa exibido em 17\/07\/2016.<\/p>\n<p>Siga o Instituto CPFL<br \/>\n\u2022 Facebook: <a href=\"https:\/\/www.facebook.com\/institutocpfl\"><span style=\"color: #0000ff;\">https:\/\/www.facebook.com\/institutocpfl<\/span><\/a><br \/>\n\u2022 Twitter: <a href=\"https:\/\/twitter.com\/cafe_filosofico\"><span style=\"color: #0000ff;\">https:\/\/twitter.com\/cafe_filosofico<\/span><\/a><br \/>\n\u2022 Site: <a href=\"http:\/\/www.institutocpfl.org.br\/\"><span style=\"color: #0000ff;\">http:\/\/www.institutocpfl.org.br\/<\/span><\/a><\/p>\n","protected":false},"excerpt":{"rendered":"<p>\u201cMal-estar, sofrimento, sintoma\u201d \u2013 podem indicar caminhos para a transforma\u00e7\u00e3o, tanto pessoal como social. Mas depende muito da forma como enxergamos e diagnosticamos tudo isso. Neste programa o psicanalista Nelson da Silva Jr. traz uma an\u00e1lise sobre algumas das principais racionalidades diagn\u00f3sticas do nosso tempo, e suas implica\u00e7\u00f5es. Programa exibido em 17\/07\/2016. Siga o Instituto [&hellip;]<\/p>\n","protected":false},"author":2,"featured_media":7436,"comment_status":"open","ping_status":"open","sticky":false,"template":"","format":"video","meta":{"footnotes":""},"categories":[865,273],"tags":[],"youtube_video":{"channel_id":"UCEgITwyUyDiMVBpmDibjP3g","channel_title":"Caf\u00e9 Filos\u00f3fico CPFL","title":"Sintomas Sociais e Racionalidade Diagn\u00f3stica | Nelson da Silva Jr.","description":"\u201cMal-estar, sofrimento, sintoma\u201d \u2013 podem indicar caminhos para a transforma\u00e7\u00e3o, tanto pessoal como social. Mas depende muito da forma como enxergamos e diagnosticamos tudo isso. \nNeste programa o psicanalista Nelson da Silva Jr. traz uma an\u00e1lise sobre algumas das principais racionalidades diagn\u00f3sticas do nosso tempo, e suas implica\u00e7\u00f5es.\n\nPrograma exibido em 17\/07\/2016.","category_id":"22","category":"People & Blogs","tags":["tv cultura","cafe filosofico","temporada 2016","nelson da silva jr","Sintomas Sociais e Racionalidade Diagn\u00f3stica","filosofia","cpfl"],"duration":2849,"iso_duration":"PT47M29S","human_duration":"47:29","definition":"hd","thumbnails":{"default":{"url":"https:\/\/i.ytimg.com\/vi\/2_AmRJOYpGI\/default.jpg","width":120,"height":90},"medium":{"url":"https:\/\/i.ytimg.com\/vi\/2_AmRJOYpGI\/mqdefault.jpg","width":320,"height":180},"high":{"url":"https:\/\/i.ytimg.com\/vi\/2_AmRJOYpGI\/hqdefault.jpg","width":480,"height":360},"standard":{"url":"https:\/\/i.ytimg.com\/vi\/2_AmRJOYpGI\/sddefault.jpg","width":640,"height":480},"maxres":{"url":"https:\/\/i.ytimg.com\/vi\/2_AmRJOYpGI\/maxresdefault.jpg","width":1280,"height":720}},"video_id":"2_AmRJOYpGI","published":"2016-08-30 20:37:16","stats":{"comments":"4","views":"3893","likes":"122","dislikes":"2","favourite":"0"},"privacy":{"status":"public","embeddable":true,"license":"youtube"}},"yoast_head":"<!-- This site is optimized with the Yoast SEO plugin v19.6.1 - https:\/\/yoast.com\/wordpress\/plugins\/seo\/ -->\n<title>Sintomas Sociais e Racionalidade Diagn\u00f3stica | Nelson da Silva Jr. - instituto cpfl play<\/title>\n<meta name=\"robots\" content=\"index, follow, max-snippet:-1, max-image-preview:large, max-video-preview:-1\" \/>\n<link rel=\"canonical\" href=\"https:\/\/institutocpfl.org.br\/play\/sintomas-sociais-e-racionalidade-diagnostica-nelson-da-silva-jr\/\" \/>\n<meta property=\"og:locale\" content=\"pt_BR\" \/>\n<meta property=\"og:type\" content=\"article\" \/>\n<meta property=\"og:title\" content=\"Sintomas Sociais e Racionalidade Diagn\u00f3stica | Nelson da Silva Jr. - instituto cpfl play\" \/>\n<meta property=\"og:description\" content=\"\u201cMal-estar, sofrimento, sintoma\u201d \u2013 podem indicar caminhos para a transforma\u00e7\u00e3o, tanto pessoal como social. Mas depende muito da forma como enxergamos e diagnosticamos tudo isso. Neste programa o psicanalista Nelson da Silva Jr. traz uma an\u00e1lise sobre algumas das principais racionalidades diagn\u00f3sticas do nosso tempo, e suas implica\u00e7\u00f5es. Programa exibido em 17\/07\/2016. Siga o Instituto [&hellip;]\" \/>\n<meta property=\"og:url\" content=\"https:\/\/institutocpfl.org.br\/play\/sintomas-sociais-e-racionalidade-diagnostica-nelson-da-silva-jr\/\" \/>\n<meta property=\"og:site_name\" content=\"instituto cpfl play\" \/>\n<meta property=\"article:published_time\" content=\"2016-08-30T20:37:16+00:00\" \/>\n<meta property=\"article:modified_time\" content=\"2020-09-10T18:06:11+00:00\" \/>\n<meta property=\"og:image\" content=\"https:\/\/institutocpfl.org.br\/play\/wp-content\/uploads\/2020\/09\/posttypevideop7435-youtube-thumbnail.jpg\" \/>\n\t<meta property=\"og:image:width\" content=\"640\" \/>\n\t<meta property=\"og:image:height\" content=\"480\" \/>\n\t<meta property=\"og:image:type\" content=\"image\/jpeg\" \/>\n<meta name=\"author\" content=\"Andre Deak\" \/>\n<meta name=\"twitter:card\" content=\"summary_large_image\" \/>\n<meta name=\"twitter:label1\" content=\"Escrito por\" \/>\n\t<meta name=\"twitter:data1\" content=\"Andre Deak\" \/>\n<script type=\"application\/ld+json\" class=\"yoast-schema-graph\">{\"@context\":\"https:\/\/schema.org\",\"@graph\":[{\"@type\":\"Article\",\"@id\":\"https:\/\/institutocpfl.org.br\/play\/sintomas-sociais-e-racionalidade-diagnostica-nelson-da-silva-jr\/#article\",\"isPartOf\":{\"@id\":\"https:\/\/institutocpfl.org.br\/play\/sintomas-sociais-e-racionalidade-diagnostica-nelson-da-silva-jr\/\"},\"author\":{\"name\":\"Andre Deak\",\"@id\":\"https:\/\/institutocpfl.org.br\/play\/#\/schema\/person\/b4c71b5bf04dae27ff07b2e74f55f110\"},\"headline\":\"Sintomas Sociais e Racionalidade Diagn\u00f3stica | Nelson da Silva Jr.\",\"datePublished\":\"2016-08-30T20:37:16+00:00\",\"dateModified\":\"2020-09-10T18:06:11+00:00\",\"mainEntityOfPage\":{\"@id\":\"https:\/\/institutocpfl.org.br\/play\/sintomas-sociais-e-racionalidade-diagnostica-nelson-da-silva-jr\/\"},\"wordCount\":86,\"commentCount\":0,\"publisher\":{\"@id\":\"https:\/\/institutocpfl.org.br\/play\/#organization\"},\"articleSection\":[\"2016\",\"na tv\"],\"inLanguage\":\"pt-BR\",\"potentialAction\":[{\"@type\":\"CommentAction\",\"name\":\"Comment\",\"target\":[\"https:\/\/institutocpfl.org.br\/play\/sintomas-sociais-e-racionalidade-diagnostica-nelson-da-silva-jr\/#respond\"]}]},{\"@type\":\"WebPage\",\"@id\":\"https:\/\/institutocpfl.org.br\/play\/sintomas-sociais-e-racionalidade-diagnostica-nelson-da-silva-jr\/\",\"url\":\"https:\/\/institutocpfl.org.br\/play\/sintomas-sociais-e-racionalidade-diagnostica-nelson-da-silva-jr\/\",\"name\":\"Sintomas Sociais e Racionalidade Diagn\u00f3stica | Nelson da Silva Jr. - instituto cpfl play\",\"isPartOf\":{\"@id\":\"https:\/\/institutocpfl.org.br\/play\/#website\"},\"datePublished\":\"2016-08-30T20:37:16+00:00\",\"dateModified\":\"2020-09-10T18:06:11+00:00\",\"breadcrumb\":{\"@id\":\"https:\/\/institutocpfl.org.br\/play\/sintomas-sociais-e-racionalidade-diagnostica-nelson-da-silva-jr\/#breadcrumb\"},\"inLanguage\":\"pt-BR\",\"potentialAction\":[{\"@type\":\"ReadAction\",\"target\":[\"https:\/\/institutocpfl.org.br\/play\/sintomas-sociais-e-racionalidade-diagnostica-nelson-da-silva-jr\/\"]}]},{\"@type\":\"BreadcrumbList\",\"@id\":\"https:\/\/institutocpfl.org.br\/play\/sintomas-sociais-e-racionalidade-diagnostica-nelson-da-silva-jr\/#breadcrumb\",\"itemListElement\":[{\"@type\":\"ListItem\",\"position\":1,\"name\":\"Sintomas Sociais e Racionalidade Diagn\u00f3stica | Nelson da Silva Jr.\"}]},{\"@type\":\"WebSite\",\"@id\":\"https:\/\/institutocpfl.org.br\/play\/#website\",\"url\":\"https:\/\/institutocpfl.org.br\/play\/\",\"name\":\"instituto cpfl play\",\"description\":\"programa\u00e7\u00e3o audiovisual\",\"publisher\":{\"@id\":\"https:\/\/institutocpfl.org.br\/play\/#organization\"},\"potentialAction\":[{\"@type\":\"SearchAction\",\"target\":{\"@type\":\"EntryPoint\",\"urlTemplate\":\"https:\/\/institutocpfl.org.br\/play\/?s={search_term_string}\"},\"query-input\":\"required name=search_term_string\"}],\"inLanguage\":\"pt-BR\"},{\"@type\":\"Organization\",\"@id\":\"https:\/\/institutocpfl.org.br\/play\/#organization\",\"name\":\"instituto cpfl play\",\"url\":\"https:\/\/institutocpfl.org.br\/play\/\",\"sameAs\":[],\"logo\":{\"@type\":\"ImageObject\",\"inLanguage\":\"pt-BR\",\"@id\":\"https:\/\/institutocpfl.org.br\/play\/#\/schema\/logo\/image\/\",\"url\":\"https:\/\/institutocpfl.org.br\/play\/wp-content\/uploads\/2017\/11\/logo-cpfl-play__old.png\",\"contentUrl\":\"https:\/\/institutocpfl.org.br\/play\/wp-content\/uploads\/2017\/11\/logo-cpfl-play__old.png\",\"width\":130,\"height\":58,\"caption\":\"instituto cpfl play\"},\"image\":{\"@id\":\"https:\/\/institutocpfl.org.br\/play\/#\/schema\/logo\/image\/\"}},{\"@type\":\"Person\",\"@id\":\"https:\/\/institutocpfl.org.br\/play\/#\/schema\/person\/b4c71b5bf04dae27ff07b2e74f55f110\",\"name\":\"Andre Deak\",\"image\":{\"@type\":\"ImageObject\",\"inLanguage\":\"pt-BR\",\"@id\":\"https:\/\/institutocpfl.org.br\/play\/#\/schema\/person\/image\/\",\"url\":\"https:\/\/secure.gravatar.com\/avatar\/88eff11c4ccd440e79cdf2ec6a2d8e79?s=96&d=mm&r=g\",\"contentUrl\":\"https:\/\/secure.gravatar.com\/avatar\/88eff11c4ccd440e79cdf2ec6a2d8e79?s=96&d=mm&r=g\",\"caption\":\"Andre Deak\"},\"url\":\"https:\/\/institutocpfl.org.br\/play\/author\/andredeak\/\"}]}<\/script>\n<!-- \/ Yoast SEO plugin. -->","yoast_head_json":{"title":"Sintomas Sociais e Racionalidade Diagn\u00f3stica | Nelson da Silva Jr. - instituto cpfl play","robots":{"index":"index","follow":"follow","max-snippet":"max-snippet:-1","max-image-preview":"max-image-preview:large","max-video-preview":"max-video-preview:-1"},"canonical":"https:\/\/institutocpfl.org.br\/play\/sintomas-sociais-e-racionalidade-diagnostica-nelson-da-silva-jr\/","og_locale":"pt_BR","og_type":"article","og_title":"Sintomas Sociais e Racionalidade Diagn\u00f3stica | Nelson da Silva Jr. - instituto cpfl play","og_description":"\u201cMal-estar, sofrimento, sintoma\u201d \u2013 podem indicar caminhos para a transforma\u00e7\u00e3o, tanto pessoal como social. Mas depende muito da forma como enxergamos e diagnosticamos tudo isso. Neste programa o psicanalista Nelson da Silva Jr. traz uma an\u00e1lise sobre algumas das principais racionalidades diagn\u00f3sticas do nosso tempo, e suas implica\u00e7\u00f5es. Programa exibido em 17\/07\/2016. Siga o Instituto [&hellip;]","og_url":"https:\/\/institutocpfl.org.br\/play\/sintomas-sociais-e-racionalidade-diagnostica-nelson-da-silva-jr\/","og_site_name":"instituto cpfl play","article_published_time":"2016-08-30T20:37:16+00:00","article_modified_time":"2020-09-10T18:06:11+00:00","og_image":[{"width":640,"height":480,"url":"https:\/\/institutocpfl.org.br\/play\/wp-content\/uploads\/2020\/09\/posttypevideop7435-youtube-thumbnail.jpg","type":"image\/jpeg"}],"author":"Andre Deak","twitter_card":"summary_large_image","twitter_misc":{"Escrito por":"Andre Deak"},"schema":{"@context":"https:\/\/schema.org","@graph":[{"@type":"Article","@id":"https:\/\/institutocpfl.org.br\/play\/sintomas-sociais-e-racionalidade-diagnostica-nelson-da-silva-jr\/#article","isPartOf":{"@id":"https:\/\/institutocpfl.org.br\/play\/sintomas-sociais-e-racionalidade-diagnostica-nelson-da-silva-jr\/"},"author":{"name":"Andre Deak","@id":"https:\/\/institutocpfl.org.br\/play\/#\/schema\/person\/b4c71b5bf04dae27ff07b2e74f55f110"},"headline":"Sintomas Sociais e Racionalidade Diagn\u00f3stica | Nelson da Silva Jr.","datePublished":"2016-08-30T20:37:16+00:00","dateModified":"2020-09-10T18:06:11+00:00","mainEntityOfPage":{"@id":"https:\/\/institutocpfl.org.br\/play\/sintomas-sociais-e-racionalidade-diagnostica-nelson-da-silva-jr\/"},"wordCount":86,"commentCount":0,"publisher":{"@id":"https:\/\/institutocpfl.org.br\/play\/#organization"},"articleSection":["2016","na tv"],"inLanguage":"pt-BR","potentialAction":[{"@type":"CommentAction","name":"Comment","target":["https:\/\/institutocpfl.org.br\/play\/sintomas-sociais-e-racionalidade-diagnostica-nelson-da-silva-jr\/#respond"]}]},{"@type":"WebPage","@id":"https:\/\/institutocpfl.org.br\/play\/sintomas-sociais-e-racionalidade-diagnostica-nelson-da-silva-jr\/","url":"https:\/\/institutocpfl.org.br\/play\/sintomas-sociais-e-racionalidade-diagnostica-nelson-da-silva-jr\/","name":"Sintomas Sociais e Racionalidade Diagn\u00f3stica | Nelson da Silva Jr. - instituto cpfl play","isPartOf":{"@id":"https:\/\/institutocpfl.org.br\/play\/#website"},"datePublished":"2016-08-30T20:37:16+00:00","dateModified":"2020-09-10T18:06:11+00:00","breadcrumb":{"@id":"https:\/\/institutocpfl.org.br\/play\/sintomas-sociais-e-racionalidade-diagnostica-nelson-da-silva-jr\/#breadcrumb"},"inLanguage":"pt-BR","potentialAction":[{"@type":"ReadAction","target":["https:\/\/institutocpfl.org.br\/play\/sintomas-sociais-e-racionalidade-diagnostica-nelson-da-silva-jr\/"]}]},{"@type":"BreadcrumbList","@id":"https:\/\/institutocpfl.org.br\/play\/sintomas-sociais-e-racionalidade-diagnostica-nelson-da-silva-jr\/#breadcrumb","itemListElement":[{"@type":"ListItem","position":1,"name":"Sintomas Sociais e Racionalidade Diagn\u00f3stica | Nelson da Silva Jr."}]},{"@type":"WebSite","@id":"https:\/\/institutocpfl.org.br\/play\/#website","url":"https:\/\/institutocpfl.org.br\/play\/","name":"instituto cpfl play","description":"programa\u00e7\u00e3o audiovisual","publisher":{"@id":"https:\/\/institutocpfl.org.br\/play\/#organization"},"potentialAction":[{"@type":"SearchAction","target":{"@type":"EntryPoint","urlTemplate":"https:\/\/institutocpfl.org.br\/play\/?s={search_term_string}"},"query-input":"required name=search_term_string"}],"inLanguage":"pt-BR"},{"@type":"Organization","@id":"https:\/\/institutocpfl.org.br\/play\/#organization","name":"instituto cpfl play","url":"https:\/\/institutocpfl.org.br\/play\/","sameAs":[],"logo":{"@type":"ImageObject","inLanguage":"pt-BR","@id":"https:\/\/institutocpfl.org.br\/play\/#\/schema\/logo\/image\/","url":"https:\/\/institutocpfl.org.br\/play\/wp-content\/uploads\/2017\/11\/logo-cpfl-play__old.png","contentUrl":"https:\/\/institutocpfl.org.br\/play\/wp-content\/uploads\/2017\/11\/logo-cpfl-play__old.png","width":130,"height":58,"caption":"instituto cpfl play"},"image":{"@id":"https:\/\/institutocpfl.org.br\/play\/#\/schema\/logo\/image\/"}},{"@type":"Person","@id":"https:\/\/institutocpfl.org.br\/play\/#\/schema\/person\/b4c71b5bf04dae27ff07b2e74f55f110","name":"Andre Deak","image":{"@type":"ImageObject","inLanguage":"pt-BR","@id":"https:\/\/institutocpfl.org.br\/play\/#\/schema\/person\/image\/","url":"https:\/\/secure.gravatar.com\/avatar\/88eff11c4ccd440e79cdf2ec6a2d8e79?s=96&d=mm&r=g","contentUrl":"https:\/\/secure.gravatar.com\/avatar\/88eff11c4ccd440e79cdf2ec6a2d8e79?s=96&d=mm&r=g","caption":"Andre Deak"},"url":"https:\/\/institutocpfl.org.br\/play\/author\/andredeak\/"}]}},"_links":{"self":[{"href":"https:\/\/institutocpfl.org.br\/play\/wp-json\/wp\/v2\/posts\/7435"}],"collection":[{"href":"https:\/\/institutocpfl.org.br\/play\/wp-json\/wp\/v2\/posts"}],"about":[{"href":"https:\/\/institutocpfl.org.br\/play\/wp-json\/wp\/v2\/types\/post"}],"author":[{"embeddable":true,"href":"https:\/\/institutocpfl.org.br\/play\/wp-json\/wp\/v2\/users\/2"}],"replies":[{"embeddable":true,"href":"https:\/\/institutocpfl.org.br\/play\/wp-json\/wp\/v2\/comments?post=7435"}],"version-history":[{"count":2,"href":"https:\/\/institutocpfl.org.br\/play\/wp-json\/wp\/v2\/posts\/7435\/revisions"}],"predecessor-version":[{"id":7438,"href":"https:\/\/institutocpfl.org.br\/play\/wp-json\/wp\/v2\/posts\/7435\/revisions\/7438"}],"wp:featuredmedia":[{"embeddable":true,"href":"https:\/\/institutocpfl.org.br\/play\/wp-json\/wp\/v2\/media\/7436"}],"wp:attachment":[{"href":"https:\/\/institutocpfl.org.br\/play\/wp-json\/wp\/v2\/media?parent=7435"}],"wp:term":[{"taxonomy":"category","embeddable":true,"href":"https:\/\/institutocpfl.org.br\/play\/wp-json\/wp\/v2\/categories?post=7435"},{"taxonomy":"post_tag","embeddable":true,"href":"https:\/\/institutocpfl.org.br\/play\/wp-json\/wp\/v2\/tags?post=7435"}],"curies":[{"name":"wp","href":"https:\/\/api.w.org\/{rel}","templated":true}]}}