{"id":7143,"date":"2017-11-30T12:00:02","date_gmt":"2017-11-30T12:00:02","guid":{"rendered":"https:\/\/institutocpfl.org.br\/play\/?post_type=video&#038;p=7143"},"modified":"2020-07-23T12:18:30","modified_gmt":"2020-07-23T15:18:30","slug":"pirando-no-seculo-xxi-benilton-bezerra-e-mario-eduardo-pereira","status":"publish","type":"post","link":"https:\/\/institutocpfl.org.br\/play\/pirando-no-seculo-xxi-benilton-bezerra-e-mario-eduardo-pereira\/","title":{"rendered":"Pirando no s\u00e9culo XXI | Benilton Bezerra e Mario Eduardo Pereira"},"content":{"rendered":"<p>Ang\u00fastia, tristeza, melancolia, ansiedade. As dores da alma dos nossos tempos t\u00eam muitas formas. O ser humano do s\u00e9culo 21 vive em um tempo de desorienta\u00e7\u00e3o, rem\u00e9dios e terapias. Hoje a psique vive um conflito in\u00e9dito na hist\u00f3ria: podemos desejar tudo, mas n\u00e3o sabemos o que queremos. O maior obst\u00e1culo ao desejo n\u00e3o \u00e9 mais a repress\u00e3o, mas a liberdade.<\/p>\n<p>Pirando no S\u00e9culo 21 \u00e9 o t\u00edtulo deste Caf\u00e9 Filos\u00f3fico, que conta com a participa\u00e7\u00e3o dos psiquiatras Benilton Bezerra e Mario Eduardo Pereira. O programa mostra como a doen\u00e7a tamb\u00e9m \u00e9 um sintoma da cultura e como cada \u00e9poca lida de forma diferente com suas ang\u00fastias, at\u00e9 chegarmos aos nossos dias, com nomes que passam a fazer parte do vocabul\u00e1rio popular, como s\u00edndrome do p\u00e2nico, fobia, ins\u00f4nia, depress\u00e3o. Este Caf\u00e9 Filos\u00f3fico discute esses sintomas, na busca por entender melhor as suas causas.<\/p>\n<p>Siga o Instituto CPFL<br \/>\n\u2022 Facebook: <a href=\"https:\/\/www.facebook.com\/institutocpfl\"><span style=\"color: #0000ff;\">https:\/\/www.facebook.com\/institutocpfl<\/span><\/a><br \/>\n\u2022 Twitter: <a href=\"https:\/\/twitter.com\/cafe_filosofico\"><span style=\"color: #0000ff;\">https:\/\/twitter.com\/cafe_filosofico<\/span><\/a><br \/>\n\u2022 Site: <a href=\"http:\/\/www.institutocpfl.org.br\/\"><span style=\"color: #0000ff;\">http:\/\/www.institutocpfl.org.br\/<\/span><\/a><\/p>\n","protected":false},"excerpt":{"rendered":"<p>Ang\u00fastia, tristeza, melancolia, ansiedade. As dores da alma dos nossos tempos t\u00eam muitas formas. O ser humano do s\u00e9culo 21 vive em um tempo de desorienta\u00e7\u00e3o, rem\u00e9dios e terapias. Hoje a psique vive um conflito in\u00e9dito na hist\u00f3ria: podemos desejar tudo, mas n\u00e3o sabemos o que queremos. O maior obst\u00e1culo ao desejo n\u00e3o \u00e9 mais [&hellip;]<\/p>\n","protected":false},"author":2,"featured_media":7144,"comment_status":"open","ping_status":"open","sticky":false,"template":"","format":"video","meta":{"footnotes":""},"categories":[273,1],"tags":[],"youtube_video":{"channel_id":"UCEgITwyUyDiMVBpmDibjP3g","channel_title":"Caf\u00e9 Filos\u00f3fico CPFL","title":"Pirando no s\u00e9culo XXI | Benilton Bezerra e Mario Eduardo Pereira","description":"Ang\u00fastia, tristeza, melancolia, ansiedade. As dores da alma dos nossos tempos t\u00eam muitas formas. O ser humano do s\u00e9culo 21 vive em um tempo de desorienta\u00e7\u00e3o, rem\u00e9dios e terapias. Hoje a psique vive um conflito in\u00e9dito na hist\u00f3ria: podemos desejar tudo, mas n\u00e3o sabemos o que queremos. O maior obst\u00e1culo ao desejo n\u00e3o \u00e9 mais a repress\u00e3o, mas a liberdade. \n\nPirando no S\u00e9culo 21 \u00e9 o t\u00edtulo deste Caf\u00e9 Filos\u00f3fico, que conta com a participa\u00e7\u00e3o dos psiquiatras Benilton Bezerra e Mario Eduardo Pereira. O programa mostra como a doen\u00e7a tamb\u00e9m \u00e9 um sintoma da cultura e como cada \u00e9poca lida de forma diferente com suas ang\u00fastias, at\u00e9 chegarmos aos nossos dias, com nomes que passam a fazer parte do vocabul\u00e1rio popular, como s\u00edndrome do p\u00e2nico, fobia, ins\u00f4nia, depress\u00e3o. Este Caf\u00e9 Filos\u00f3fico discute esses sintomas, na busca por entender melhor as suas causas. \n\nInscreva-se no canal e clique no sininho para ser notificado das novidades!\n\nSiga a TV Cultura:\n- Facebook: https:\/\/www.facebook.com\/tvcultura\n- Twitter: https:\/\/twitter.com\/tvcultura\n- Instagram: https:\/\/www.instagram.com\/tvcultura\n- G+: https:\/\/plus.google.com\/+tvcultura\n- Site: http:\/\/tvcultura.com.br\/programas\/cafefilosofico\n\nSiga o Instituto CPFL\n- Facebook: https:\/\/www.facebook.com\/institutocpfl\n- Twitter: https:\/\/twitter.com\/cafe_filosofico\n- Site: http:\/\/www.institutocpfl.org.br\/","category_id":"24","category":"Entertainment","tags":["cafe filosofico","tv cultura","palestra","reflexao","angustia","tristeza","melancolia","ansiedade","dores da alma","nosso tempo","atualidade","ser humano","s\u00e9culo 21","rem\u00e9dio e terapias","conflito","repressao","liberdade","psiquiatria","benilton bezerra","mario eduardo pereira","sintoma da cultura atual","angustias","depressao","fobia","panico","insonia"],"duration":3272,"iso_duration":"PT54M32S","human_duration":"54:32","definition":"hd","thumbnails":{"default":{"url":"https:\/\/i.ytimg.com\/vi\/NjD8xBthxNw\/default.jpg","width":120,"height":90},"medium":{"url":"https:\/\/i.ytimg.com\/vi\/NjD8xBthxNw\/mqdefault.jpg","width":320,"height":180},"high":{"url":"https:\/\/i.ytimg.com\/vi\/NjD8xBthxNw\/hqdefault.jpg","width":480,"height":360},"standard":{"url":"https:\/\/i.ytimg.com\/vi\/NjD8xBthxNw\/sddefault.jpg","width":640,"height":480},"maxres":{"url":"https:\/\/i.ytimg.com\/vi\/NjD8xBthxNw\/maxresdefault.jpg","width":1280,"height":720}},"video_id":"NjD8xBthxNw","published":"2017-11-30 12:00:02","stats":{"comments":"8","views":"13962","likes":"532","dislikes":"17","favourite":"0"},"privacy":{"status":"public","embeddable":true,"license":"youtube"}},"yoast_head":"<!-- This site is optimized with the Yoast SEO plugin v19.6.1 - https:\/\/yoast.com\/wordpress\/plugins\/seo\/ -->\n<title>Pirando no s\u00e9culo XXI | Benilton Bezerra e Mario Eduardo Pereira - instituto cpfl play<\/title>\n<meta name=\"robots\" content=\"index, follow, max-snippet:-1, max-image-preview:large, max-video-preview:-1\" \/>\n<link rel=\"canonical\" href=\"https:\/\/institutocpfl.org.br\/play\/pirando-no-seculo-xxi-benilton-bezerra-e-mario-eduardo-pereira\/\" \/>\n<meta property=\"og:locale\" content=\"pt_BR\" \/>\n<meta property=\"og:type\" content=\"article\" \/>\n<meta property=\"og:title\" content=\"Pirando no s\u00e9culo XXI | Benilton Bezerra e Mario Eduardo Pereira - instituto cpfl play\" \/>\n<meta property=\"og:description\" content=\"Ang\u00fastia, tristeza, melancolia, ansiedade. As dores da alma dos nossos tempos t\u00eam muitas formas. O ser humano do s\u00e9culo 21 vive em um tempo de desorienta\u00e7\u00e3o, rem\u00e9dios e terapias. Hoje a psique vive um conflito in\u00e9dito na hist\u00f3ria: podemos desejar tudo, mas n\u00e3o sabemos o que queremos. O maior obst\u00e1culo ao desejo n\u00e3o \u00e9 mais [&hellip;]\" \/>\n<meta property=\"og:url\" content=\"https:\/\/institutocpfl.org.br\/play\/pirando-no-seculo-xxi-benilton-bezerra-e-mario-eduardo-pereira\/\" \/>\n<meta property=\"og:site_name\" content=\"instituto cpfl play\" \/>\n<meta property=\"article:published_time\" content=\"2017-11-30T12:00:02+00:00\" \/>\n<meta property=\"article:modified_time\" content=\"2020-07-23T15:18:30+00:00\" \/>\n<meta property=\"og:image\" content=\"https:\/\/institutocpfl.org.br\/play\/wp-content\/uploads\/2020\/07\/posttypevideop7143-youtube-thumbnail.jpg\" \/>\n\t<meta property=\"og:image:width\" content=\"640\" \/>\n\t<meta property=\"og:image:height\" content=\"480\" \/>\n\t<meta property=\"og:image:type\" content=\"image\/jpeg\" \/>\n<meta name=\"author\" content=\"Andre Deak\" \/>\n<meta name=\"twitter:card\" content=\"summary_large_image\" \/>\n<meta name=\"twitter:label1\" content=\"Escrito por\" \/>\n\t<meta name=\"twitter:data1\" content=\"Andre Deak\" \/>\n\t<meta name=\"twitter:label2\" content=\"Est. tempo de leitura\" \/>\n\t<meta name=\"twitter:data2\" content=\"1 minuto\" \/>\n<script type=\"application\/ld+json\" class=\"yoast-schema-graph\">{\"@context\":\"https:\/\/schema.org\",\"@graph\":[{\"@type\":\"Article\",\"@id\":\"https:\/\/institutocpfl.org.br\/play\/pirando-no-seculo-xxi-benilton-bezerra-e-mario-eduardo-pereira\/#article\",\"isPartOf\":{\"@id\":\"https:\/\/institutocpfl.org.br\/play\/pirando-no-seculo-xxi-benilton-bezerra-e-mario-eduardo-pereira\/\"},\"author\":{\"name\":\"Andre Deak\",\"@id\":\"https:\/\/institutocpfl.org.br\/play\/#\/schema\/person\/b4c71b5bf04dae27ff07b2e74f55f110\"},\"headline\":\"Pirando no s\u00e9culo XXI | Benilton Bezerra e Mario Eduardo Pereira\",\"datePublished\":\"2017-11-30T12:00:02+00:00\",\"dateModified\":\"2020-07-23T15:18:30+00:00\",\"mainEntityOfPage\":{\"@id\":\"https:\/\/institutocpfl.org.br\/play\/pirando-no-seculo-xxi-benilton-bezerra-e-mario-eduardo-pereira\/\"},\"wordCount\":194,\"commentCount\":0,\"publisher\":{\"@id\":\"https:\/\/institutocpfl.org.br\/play\/#organization\"},\"articleSection\":[\"na tv\"],\"inLanguage\":\"pt-BR\",\"potentialAction\":[{\"@type\":\"CommentAction\",\"name\":\"Comment\",\"target\":[\"https:\/\/institutocpfl.org.br\/play\/pirando-no-seculo-xxi-benilton-bezerra-e-mario-eduardo-pereira\/#respond\"]}]},{\"@type\":\"WebPage\",\"@id\":\"https:\/\/institutocpfl.org.br\/play\/pirando-no-seculo-xxi-benilton-bezerra-e-mario-eduardo-pereira\/\",\"url\":\"https:\/\/institutocpfl.org.br\/play\/pirando-no-seculo-xxi-benilton-bezerra-e-mario-eduardo-pereira\/\",\"name\":\"Pirando no s\u00e9culo XXI | Benilton Bezerra e Mario Eduardo Pereira - instituto cpfl play\",\"isPartOf\":{\"@id\":\"https:\/\/institutocpfl.org.br\/play\/#website\"},\"datePublished\":\"2017-11-30T12:00:02+00:00\",\"dateModified\":\"2020-07-23T15:18:30+00:00\",\"breadcrumb\":{\"@id\":\"https:\/\/institutocpfl.org.br\/play\/pirando-no-seculo-xxi-benilton-bezerra-e-mario-eduardo-pereira\/#breadcrumb\"},\"inLanguage\":\"pt-BR\",\"potentialAction\":[{\"@type\":\"ReadAction\",\"target\":[\"https:\/\/institutocpfl.org.br\/play\/pirando-no-seculo-xxi-benilton-bezerra-e-mario-eduardo-pereira\/\"]}]},{\"@type\":\"BreadcrumbList\",\"@id\":\"https:\/\/institutocpfl.org.br\/play\/pirando-no-seculo-xxi-benilton-bezerra-e-mario-eduardo-pereira\/#breadcrumb\",\"itemListElement\":[{\"@type\":\"ListItem\",\"position\":1,\"name\":\"Pirando no s\u00e9culo XXI | Benilton Bezerra e Mario Eduardo Pereira\"}]},{\"@type\":\"WebSite\",\"@id\":\"https:\/\/institutocpfl.org.br\/play\/#website\",\"url\":\"https:\/\/institutocpfl.org.br\/play\/\",\"name\":\"instituto cpfl play\",\"description\":\"programa\u00e7\u00e3o audiovisual\",\"publisher\":{\"@id\":\"https:\/\/institutocpfl.org.br\/play\/#organization\"},\"potentialAction\":[{\"@type\":\"SearchAction\",\"target\":{\"@type\":\"EntryPoint\",\"urlTemplate\":\"https:\/\/institutocpfl.org.br\/play\/?s={search_term_string}\"},\"query-input\":\"required name=search_term_string\"}],\"inLanguage\":\"pt-BR\"},{\"@type\":\"Organization\",\"@id\":\"https:\/\/institutocpfl.org.br\/play\/#organization\",\"name\":\"instituto cpfl play\",\"url\":\"https:\/\/institutocpfl.org.br\/play\/\",\"sameAs\":[],\"logo\":{\"@type\":\"ImageObject\",\"inLanguage\":\"pt-BR\",\"@id\":\"https:\/\/institutocpfl.org.br\/play\/#\/schema\/logo\/image\/\",\"url\":\"https:\/\/institutocpfl.org.br\/play\/wp-content\/uploads\/2017\/11\/logo-cpfl-play__old.png\",\"contentUrl\":\"https:\/\/institutocpfl.org.br\/play\/wp-content\/uploads\/2017\/11\/logo-cpfl-play__old.png\",\"width\":130,\"height\":58,\"caption\":\"instituto cpfl play\"},\"image\":{\"@id\":\"https:\/\/institutocpfl.org.br\/play\/#\/schema\/logo\/image\/\"}},{\"@type\":\"Person\",\"@id\":\"https:\/\/institutocpfl.org.br\/play\/#\/schema\/person\/b4c71b5bf04dae27ff07b2e74f55f110\",\"name\":\"Andre Deak\",\"image\":{\"@type\":\"ImageObject\",\"inLanguage\":\"pt-BR\",\"@id\":\"https:\/\/institutocpfl.org.br\/play\/#\/schema\/person\/image\/\",\"url\":\"https:\/\/secure.gravatar.com\/avatar\/88eff11c4ccd440e79cdf2ec6a2d8e79?s=96&d=mm&r=g\",\"contentUrl\":\"https:\/\/secure.gravatar.com\/avatar\/88eff11c4ccd440e79cdf2ec6a2d8e79?s=96&d=mm&r=g\",\"caption\":\"Andre Deak\"},\"url\":\"https:\/\/institutocpfl.org.br\/play\/author\/andredeak\/\"}]}<\/script>\n<!-- \/ Yoast SEO plugin. -->","yoast_head_json":{"title":"Pirando no s\u00e9culo XXI | Benilton Bezerra e Mario Eduardo Pereira - instituto cpfl play","robots":{"index":"index","follow":"follow","max-snippet":"max-snippet:-1","max-image-preview":"max-image-preview:large","max-video-preview":"max-video-preview:-1"},"canonical":"https:\/\/institutocpfl.org.br\/play\/pirando-no-seculo-xxi-benilton-bezerra-e-mario-eduardo-pereira\/","og_locale":"pt_BR","og_type":"article","og_title":"Pirando no s\u00e9culo XXI | Benilton Bezerra e Mario Eduardo Pereira - instituto cpfl play","og_description":"Ang\u00fastia, tristeza, melancolia, ansiedade. As dores da alma dos nossos tempos t\u00eam muitas formas. O ser humano do s\u00e9culo 21 vive em um tempo de desorienta\u00e7\u00e3o, rem\u00e9dios e terapias. Hoje a psique vive um conflito in\u00e9dito na hist\u00f3ria: podemos desejar tudo, mas n\u00e3o sabemos o que queremos. O maior obst\u00e1culo ao desejo n\u00e3o \u00e9 mais [&hellip;]","og_url":"https:\/\/institutocpfl.org.br\/play\/pirando-no-seculo-xxi-benilton-bezerra-e-mario-eduardo-pereira\/","og_site_name":"instituto cpfl play","article_published_time":"2017-11-30T12:00:02+00:00","article_modified_time":"2020-07-23T15:18:30+00:00","og_image":[{"width":640,"height":480,"url":"https:\/\/institutocpfl.org.br\/play\/wp-content\/uploads\/2020\/07\/posttypevideop7143-youtube-thumbnail.jpg","type":"image\/jpeg"}],"author":"Andre Deak","twitter_card":"summary_large_image","twitter_misc":{"Escrito por":"Andre Deak","Est. tempo de leitura":"1 minuto"},"schema":{"@context":"https:\/\/schema.org","@graph":[{"@type":"Article","@id":"https:\/\/institutocpfl.org.br\/play\/pirando-no-seculo-xxi-benilton-bezerra-e-mario-eduardo-pereira\/#article","isPartOf":{"@id":"https:\/\/institutocpfl.org.br\/play\/pirando-no-seculo-xxi-benilton-bezerra-e-mario-eduardo-pereira\/"},"author":{"name":"Andre Deak","@id":"https:\/\/institutocpfl.org.br\/play\/#\/schema\/person\/b4c71b5bf04dae27ff07b2e74f55f110"},"headline":"Pirando no s\u00e9culo XXI | Benilton Bezerra e Mario Eduardo Pereira","datePublished":"2017-11-30T12:00:02+00:00","dateModified":"2020-07-23T15:18:30+00:00","mainEntityOfPage":{"@id":"https:\/\/institutocpfl.org.br\/play\/pirando-no-seculo-xxi-benilton-bezerra-e-mario-eduardo-pereira\/"},"wordCount":194,"commentCount":0,"publisher":{"@id":"https:\/\/institutocpfl.org.br\/play\/#organization"},"articleSection":["na tv"],"inLanguage":"pt-BR","potentialAction":[{"@type":"CommentAction","name":"Comment","target":["https:\/\/institutocpfl.org.br\/play\/pirando-no-seculo-xxi-benilton-bezerra-e-mario-eduardo-pereira\/#respond"]}]},{"@type":"WebPage","@id":"https:\/\/institutocpfl.org.br\/play\/pirando-no-seculo-xxi-benilton-bezerra-e-mario-eduardo-pereira\/","url":"https:\/\/institutocpfl.org.br\/play\/pirando-no-seculo-xxi-benilton-bezerra-e-mario-eduardo-pereira\/","name":"Pirando no s\u00e9culo XXI | Benilton Bezerra e Mario Eduardo Pereira - instituto cpfl play","isPartOf":{"@id":"https:\/\/institutocpfl.org.br\/play\/#website"},"datePublished":"2017-11-30T12:00:02+00:00","dateModified":"2020-07-23T15:18:30+00:00","breadcrumb":{"@id":"https:\/\/institutocpfl.org.br\/play\/pirando-no-seculo-xxi-benilton-bezerra-e-mario-eduardo-pereira\/#breadcrumb"},"inLanguage":"pt-BR","potentialAction":[{"@type":"ReadAction","target":["https:\/\/institutocpfl.org.br\/play\/pirando-no-seculo-xxi-benilton-bezerra-e-mario-eduardo-pereira\/"]}]},{"@type":"BreadcrumbList","@id":"https:\/\/institutocpfl.org.br\/play\/pirando-no-seculo-xxi-benilton-bezerra-e-mario-eduardo-pereira\/#breadcrumb","itemListElement":[{"@type":"ListItem","position":1,"name":"Pirando no s\u00e9culo XXI | Benilton Bezerra e Mario Eduardo Pereira"}]},{"@type":"WebSite","@id":"https:\/\/institutocpfl.org.br\/play\/#website","url":"https:\/\/institutocpfl.org.br\/play\/","name":"instituto cpfl play","description":"programa\u00e7\u00e3o audiovisual","publisher":{"@id":"https:\/\/institutocpfl.org.br\/play\/#organization"},"potentialAction":[{"@type":"SearchAction","target":{"@type":"EntryPoint","urlTemplate":"https:\/\/institutocpfl.org.br\/play\/?s={search_term_string}"},"query-input":"required name=search_term_string"}],"inLanguage":"pt-BR"},{"@type":"Organization","@id":"https:\/\/institutocpfl.org.br\/play\/#organization","name":"instituto cpfl play","url":"https:\/\/institutocpfl.org.br\/play\/","sameAs":[],"logo":{"@type":"ImageObject","inLanguage":"pt-BR","@id":"https:\/\/institutocpfl.org.br\/play\/#\/schema\/logo\/image\/","url":"https:\/\/institutocpfl.org.br\/play\/wp-content\/uploads\/2017\/11\/logo-cpfl-play__old.png","contentUrl":"https:\/\/institutocpfl.org.br\/play\/wp-content\/uploads\/2017\/11\/logo-cpfl-play__old.png","width":130,"height":58,"caption":"instituto cpfl play"},"image":{"@id":"https:\/\/institutocpfl.org.br\/play\/#\/schema\/logo\/image\/"}},{"@type":"Person","@id":"https:\/\/institutocpfl.org.br\/play\/#\/schema\/person\/b4c71b5bf04dae27ff07b2e74f55f110","name":"Andre Deak","image":{"@type":"ImageObject","inLanguage":"pt-BR","@id":"https:\/\/institutocpfl.org.br\/play\/#\/schema\/person\/image\/","url":"https:\/\/secure.gravatar.com\/avatar\/88eff11c4ccd440e79cdf2ec6a2d8e79?s=96&d=mm&r=g","contentUrl":"https:\/\/secure.gravatar.com\/avatar\/88eff11c4ccd440e79cdf2ec6a2d8e79?s=96&d=mm&r=g","caption":"Andre Deak"},"url":"https:\/\/institutocpfl.org.br\/play\/author\/andredeak\/"}]}},"_links":{"self":[{"href":"https:\/\/institutocpfl.org.br\/play\/wp-json\/wp\/v2\/posts\/7143"}],"collection":[{"href":"https:\/\/institutocpfl.org.br\/play\/wp-json\/wp\/v2\/posts"}],"about":[{"href":"https:\/\/institutocpfl.org.br\/play\/wp-json\/wp\/v2\/types\/post"}],"author":[{"embeddable":true,"href":"https:\/\/institutocpfl.org.br\/play\/wp-json\/wp\/v2\/users\/2"}],"replies":[{"embeddable":true,"href":"https:\/\/institutocpfl.org.br\/play\/wp-json\/wp\/v2\/comments?post=7143"}],"version-history":[{"count":3,"href":"https:\/\/institutocpfl.org.br\/play\/wp-json\/wp\/v2\/posts\/7143\/revisions"}],"predecessor-version":[{"id":7147,"href":"https:\/\/institutocpfl.org.br\/play\/wp-json\/wp\/v2\/posts\/7143\/revisions\/7147"}],"wp:featuredmedia":[{"embeddable":true,"href":"https:\/\/institutocpfl.org.br\/play\/wp-json\/wp\/v2\/media\/7144"}],"wp:attachment":[{"href":"https:\/\/institutocpfl.org.br\/play\/wp-json\/wp\/v2\/media?parent=7143"}],"wp:term":[{"taxonomy":"category","embeddable":true,"href":"https:\/\/institutocpfl.org.br\/play\/wp-json\/wp\/v2\/categories?post=7143"},{"taxonomy":"post_tag","embeddable":true,"href":"https:\/\/institutocpfl.org.br\/play\/wp-json\/wp\/v2\/tags?post=7143"}],"curies":[{"name":"wp","href":"https:\/\/api.w.org\/{rel}","templated":true}]}}