{"id":6297,"date":"2018-10-08T01:00:00","date_gmt":"2018-10-08T01:00:00","guid":{"rendered":"https:\/\/institutocpfl.org.br\/play\/?post_type=video&#038;p=6297"},"modified":"2020-06-25T17:29:13","modified_gmt":"2020-06-25T20:29:13","slug":"kafka-o-mal-estar-como-cultura-ontem-e-hoje-marcio-seligmann","status":"publish","type":"post","link":"https:\/\/institutocpfl.org.br\/play\/kafka-o-mal-estar-como-cultura-ontem-e-hoje-marcio-seligmann\/","title":{"rendered":"Kafka: o mal-estar como cultura ontem e hoje | M\u00e1rcio Seligmann"},"content":{"rendered":"<p>Mesmo ap\u00f3s as experi\u00eancias hist\u00f3ricas do totalitarismo e do holocausto, nossa \u00e9poca ainda d\u00e1 vaz\u00e3o ao recrudescimento da personalidade autorit\u00e1ria e \u00e0 tend\u00eancias neofascistas. E tamb\u00e9m, apesar dos avan\u00e7os e descobertas t\u00e9cnico-cient\u00edficos, ainda convivemos com a dissemina\u00e7\u00e3o em massa de males como a depress\u00e3o.<\/p>\n<p>Dentro da s\u00e9ria \u201cAs metamorfoses da banalidade do mal\u201d, o fil\u00f3sofo M\u00e1rcio Seligmann Silva sentencia o escritor Franz Kafka. Seu universo traz a agonia das situa\u00e7\u00f5es que nos oprimem e que n\u00e3o controlamos; traz o embate in\u00fatil com leis e acasos que nos escapam absolutamente.<\/p>\n<p>E assim, o autor tcheco nos mostra o quanto \u00e9 imposs\u00edvel compreender e dimensionar a complexa engrenagem de poder e vigil\u00e2ncia que nos oprime &#8211; e da qual ao mesmo tempo dependemos. Na literatura de Kafka, h\u00e1 muito da psican\u00e1lise de seu contempor\u00e2neo Freud. Os seres kafkanianos padecem do mal-estar na civiliza\u00e7\u00e3o. \u201cH\u00e1 esperan\u00e7a, mas n\u00e3o para n\u00f3s&#8230;\u201d.<\/p>\n<p>Siga o Instituto CPFL<br \/>\n\u2022 Facebook: <a href=\"https:\/\/www.facebook.com\/institutocpfl\"><span style=\"color: #0000ff;\">https:\/\/www.facebook.com\/institutocpfl<\/span><\/a><br \/>\n\u2022 Twitter: <a href=\"https:\/\/twitter.com\/cafe_filosofico\"><span style=\"color: #0000ff;\">https:\/\/twitter.com\/cafe_filosofico<\/span><\/a><br \/>\n\u2022 Site: <a href=\"http:\/\/www.institutocpfl.org.br\/\"><span style=\"color: #0000ff;\">http:\/\/www.institutocpfl.org.br\/<\/span><\/a><\/p>\n","protected":false},"excerpt":{"rendered":"<p>Mesmo ap\u00f3s as experi\u00eancias hist\u00f3ricas do totalitarismo e do holocausto, nossa \u00e9poca ainda d\u00e1 vaz\u00e3o ao recrudescimento da personalidade autorit\u00e1ria e \u00e0 tend\u00eancias neofascistas. E tamb\u00e9m, apesar dos avan\u00e7os e descobertas t\u00e9cnico-cient\u00edficos, ainda convivemos com a dissemina\u00e7\u00e3o em massa de males como a depress\u00e3o. Dentro da s\u00e9ria \u201cAs metamorfoses da banalidade do mal\u201d, o fil\u00f3sofo [&hellip;]<\/p>\n","protected":false},"author":2,"featured_media":6298,"comment_status":"open","ping_status":"open","sticky":false,"template":"","format":"video","meta":{"footnotes":""},"categories":[273,1],"tags":[],"youtube_video":{"channel_id":"UCEgITwyUyDiMVBpmDibjP3g","channel_title":"Caf\u00e9 Filos\u00f3fico CPFL","title":"Kafka: o mal-estar como cultura ontem e hoje | M\u00e1rcio Seligmann","description":"Mesmo ap\u00f3s as experi\u00eancias hist\u00f3ricas do totalitarismo e do holocausto, nossa \u00e9poca ainda d\u00e1 vaz\u00e3o ao recrudescimento da personalidade autorit\u00e1ria e \u00e0 tend\u00eancias neofascistas. E tamb\u00e9m, apesar dos avan\u00e7os e descobertas t\u00e9cnico-cient\u00edficos, ainda convivemos com a dissemina\u00e7\u00e3o em massa de males como a depress\u00e3o.\n\nDentro da s\u00e9ria \u201cAs metamorfoses da banalidade do mal\u201d, o fil\u00f3sofo M\u00e1rcio Seligmann Silva sentencia o escritor Franz Kafka. Seu universo traz a agonia das situa\u00e7\u00f5es que nos oprimem e que n\u00e3o controlamos; traz o embate in\u00fatil com leis e acasos que nos escapam absolutamente. \n\nE assim, o autor tcheco nos mostra o quanto \u00e9 imposs\u00edvel compreender e dimensionar a complexa engrenagem de poder e vigil\u00e2ncia que nos oprime - e da qual ao mesmo tempo dependemos. Na literatura de Kafka, h\u00e1 muito da psican\u00e1lise de seu contempor\u00e2neo Freud. Os seres kafkanianos padecem do mal-estar na civiliza\u00e7\u00e3o. \u201cH\u00e1 esperan\u00e7a, mas n\u00e3o para n\u00f3s...\u201d.\n\nInscreva-se no canal e clique no sininho para ser notificado das novidades!\n\nSiga a TV Cultura:\n- Facebook: https:\/\/www.facebook.com\/tvcultura\n- Twitter: https:\/\/twitter.com\/tvcultura\n- Instagram: https:\/\/www.instagram.com\/tvcultura\n- G+: https:\/\/plus.google.com\/+tvcultura\n- Site: http:\/\/tvcultura.com.br\/programas\/cafefilosofico\n\nSiga o Instituto CPFL\n- Facebook: https:\/\/www.facebook.com\/institutocpfl\n- Twitter: https:\/\/twitter.com\/cafe_filosofico\n- Site: http:\/\/www.institutocpfl.org.br\/","category_id":"27","category":"Education","tags":["Cafe filosofico","cpfl tv cultura","palestra conhecimento","Programas 2018","banalidade do mal","metamorfose","m\u00e1rcio seligmann","kafka","mal estar","cultura","totalitarismo","holocausto","neofascistas","tecnologia","ci\u00eancia","esperan\u00e7as"],"duration":3035,"iso_duration":"PT50M35S","human_duration":"50:35","definition":"hd","thumbnails":{"default":{"url":"https:\/\/i.ytimg.com\/vi\/V97IBw1UwUQ\/default.jpg","width":120,"height":90},"medium":{"url":"https:\/\/i.ytimg.com\/vi\/V97IBw1UwUQ\/mqdefault.jpg","width":320,"height":180},"high":{"url":"https:\/\/i.ytimg.com\/vi\/V97IBw1UwUQ\/hqdefault.jpg","width":480,"height":360},"standard":{"url":"https:\/\/i.ytimg.com\/vi\/V97IBw1UwUQ\/sddefault.jpg","width":640,"height":480},"maxres":{"url":"https:\/\/i.ytimg.com\/vi\/V97IBw1UwUQ\/maxresdefault.jpg","width":1280,"height":720}},"video_id":"V97IBw1UwUQ","published":"2018-10-08 01:00:00","stats":{"comments":"39","views":"39741","likes":"1974","dislikes":"28","favourite":"0"},"privacy":{"status":"public","embeddable":true,"license":"youtube"}},"yoast_head":"<!-- This site is optimized with the Yoast SEO plugin v19.6.1 - https:\/\/yoast.com\/wordpress\/plugins\/seo\/ -->\n<title>Kafka: o mal-estar como cultura ontem e hoje | M\u00e1rcio Seligmann - instituto cpfl play<\/title>\n<meta name=\"robots\" content=\"index, follow, max-snippet:-1, max-image-preview:large, max-video-preview:-1\" \/>\n<link rel=\"canonical\" href=\"https:\/\/institutocpfl.org.br\/play\/kafka-o-mal-estar-como-cultura-ontem-e-hoje-marcio-seligmann\/\" \/>\n<meta property=\"og:locale\" content=\"pt_BR\" \/>\n<meta property=\"og:type\" content=\"article\" \/>\n<meta property=\"og:title\" content=\"Kafka: o mal-estar como cultura ontem e hoje | M\u00e1rcio Seligmann - instituto cpfl play\" \/>\n<meta property=\"og:description\" content=\"Mesmo ap\u00f3s as experi\u00eancias hist\u00f3ricas do totalitarismo e do holocausto, nossa \u00e9poca ainda d\u00e1 vaz\u00e3o ao recrudescimento da personalidade autorit\u00e1ria e \u00e0 tend\u00eancias neofascistas. E tamb\u00e9m, apesar dos avan\u00e7os e descobertas t\u00e9cnico-cient\u00edficos, ainda convivemos com a dissemina\u00e7\u00e3o em massa de males como a depress\u00e3o. Dentro da s\u00e9ria \u201cAs metamorfoses da banalidade do mal\u201d, o fil\u00f3sofo [&hellip;]\" \/>\n<meta property=\"og:url\" content=\"https:\/\/institutocpfl.org.br\/play\/kafka-o-mal-estar-como-cultura-ontem-e-hoje-marcio-seligmann\/\" \/>\n<meta property=\"og:site_name\" content=\"instituto cpfl play\" \/>\n<meta property=\"article:published_time\" content=\"2018-10-08T01:00:00+00:00\" \/>\n<meta property=\"article:modified_time\" content=\"2020-06-25T20:29:13+00:00\" \/>\n<meta property=\"og:image\" content=\"https:\/\/institutocpfl.org.br\/play\/wp-content\/uploads\/2020\/06\/posttypevideop6297-youtube-thumbnail.jpg\" \/>\n\t<meta property=\"og:image:width\" content=\"640\" \/>\n\t<meta property=\"og:image:height\" content=\"480\" \/>\n\t<meta property=\"og:image:type\" content=\"image\/jpeg\" \/>\n<meta name=\"author\" content=\"Andre Deak\" \/>\n<meta name=\"twitter:card\" content=\"summary_large_image\" \/>\n<meta name=\"twitter:label1\" content=\"Escrito por\" \/>\n\t<meta name=\"twitter:data1\" content=\"Andre Deak\" \/>\n\t<meta name=\"twitter:label2\" content=\"Est. tempo de leitura\" \/>\n\t<meta name=\"twitter:data2\" content=\"1 minuto\" \/>\n<script type=\"application\/ld+json\" class=\"yoast-schema-graph\">{\"@context\":\"https:\/\/schema.org\",\"@graph\":[{\"@type\":\"Article\",\"@id\":\"https:\/\/institutocpfl.org.br\/play\/kafka-o-mal-estar-como-cultura-ontem-e-hoje-marcio-seligmann\/#article\",\"isPartOf\":{\"@id\":\"https:\/\/institutocpfl.org.br\/play\/kafka-o-mal-estar-como-cultura-ontem-e-hoje-marcio-seligmann\/\"},\"author\":{\"name\":\"Andre Deak\",\"@id\":\"https:\/\/institutocpfl.org.br\/play\/#\/schema\/person\/b4c71b5bf04dae27ff07b2e74f55f110\"},\"headline\":\"Kafka: o mal-estar como cultura ontem e hoje | M\u00e1rcio Seligmann\",\"datePublished\":\"2018-10-08T01:00:00+00:00\",\"dateModified\":\"2020-06-25T20:29:13+00:00\",\"mainEntityOfPage\":{\"@id\":\"https:\/\/institutocpfl.org.br\/play\/kafka-o-mal-estar-como-cultura-ontem-e-hoje-marcio-seligmann\/\"},\"wordCount\":204,\"commentCount\":0,\"publisher\":{\"@id\":\"https:\/\/institutocpfl.org.br\/play\/#organization\"},\"articleSection\":[\"na tv\"],\"inLanguage\":\"pt-BR\",\"potentialAction\":[{\"@type\":\"CommentAction\",\"name\":\"Comment\",\"target\":[\"https:\/\/institutocpfl.org.br\/play\/kafka-o-mal-estar-como-cultura-ontem-e-hoje-marcio-seligmann\/#respond\"]}]},{\"@type\":\"WebPage\",\"@id\":\"https:\/\/institutocpfl.org.br\/play\/kafka-o-mal-estar-como-cultura-ontem-e-hoje-marcio-seligmann\/\",\"url\":\"https:\/\/institutocpfl.org.br\/play\/kafka-o-mal-estar-como-cultura-ontem-e-hoje-marcio-seligmann\/\",\"name\":\"Kafka: o mal-estar como cultura ontem e hoje | M\u00e1rcio Seligmann - instituto cpfl play\",\"isPartOf\":{\"@id\":\"https:\/\/institutocpfl.org.br\/play\/#website\"},\"datePublished\":\"2018-10-08T01:00:00+00:00\",\"dateModified\":\"2020-06-25T20:29:13+00:00\",\"breadcrumb\":{\"@id\":\"https:\/\/institutocpfl.org.br\/play\/kafka-o-mal-estar-como-cultura-ontem-e-hoje-marcio-seligmann\/#breadcrumb\"},\"inLanguage\":\"pt-BR\",\"potentialAction\":[{\"@type\":\"ReadAction\",\"target\":[\"https:\/\/institutocpfl.org.br\/play\/kafka-o-mal-estar-como-cultura-ontem-e-hoje-marcio-seligmann\/\"]}]},{\"@type\":\"BreadcrumbList\",\"@id\":\"https:\/\/institutocpfl.org.br\/play\/kafka-o-mal-estar-como-cultura-ontem-e-hoje-marcio-seligmann\/#breadcrumb\",\"itemListElement\":[{\"@type\":\"ListItem\",\"position\":1,\"name\":\"Kafka: o mal-estar como cultura ontem e hoje | M\u00e1rcio Seligmann\"}]},{\"@type\":\"WebSite\",\"@id\":\"https:\/\/institutocpfl.org.br\/play\/#website\",\"url\":\"https:\/\/institutocpfl.org.br\/play\/\",\"name\":\"instituto cpfl play\",\"description\":\"programa\u00e7\u00e3o audiovisual\",\"publisher\":{\"@id\":\"https:\/\/institutocpfl.org.br\/play\/#organization\"},\"potentialAction\":[{\"@type\":\"SearchAction\",\"target\":{\"@type\":\"EntryPoint\",\"urlTemplate\":\"https:\/\/institutocpfl.org.br\/play\/?s={search_term_string}\"},\"query-input\":\"required name=search_term_string\"}],\"inLanguage\":\"pt-BR\"},{\"@type\":\"Organization\",\"@id\":\"https:\/\/institutocpfl.org.br\/play\/#organization\",\"name\":\"instituto cpfl play\",\"url\":\"https:\/\/institutocpfl.org.br\/play\/\",\"sameAs\":[],\"logo\":{\"@type\":\"ImageObject\",\"inLanguage\":\"pt-BR\",\"@id\":\"https:\/\/institutocpfl.org.br\/play\/#\/schema\/logo\/image\/\",\"url\":\"https:\/\/institutocpfl.org.br\/play\/wp-content\/uploads\/2017\/11\/logo-cpfl-play__old.png\",\"contentUrl\":\"https:\/\/institutocpfl.org.br\/play\/wp-content\/uploads\/2017\/11\/logo-cpfl-play__old.png\",\"width\":130,\"height\":58,\"caption\":\"instituto cpfl play\"},\"image\":{\"@id\":\"https:\/\/institutocpfl.org.br\/play\/#\/schema\/logo\/image\/\"}},{\"@type\":\"Person\",\"@id\":\"https:\/\/institutocpfl.org.br\/play\/#\/schema\/person\/b4c71b5bf04dae27ff07b2e74f55f110\",\"name\":\"Andre Deak\",\"image\":{\"@type\":\"ImageObject\",\"inLanguage\":\"pt-BR\",\"@id\":\"https:\/\/institutocpfl.org.br\/play\/#\/schema\/person\/image\/\",\"url\":\"https:\/\/secure.gravatar.com\/avatar\/88eff11c4ccd440e79cdf2ec6a2d8e79?s=96&d=mm&r=g\",\"contentUrl\":\"https:\/\/secure.gravatar.com\/avatar\/88eff11c4ccd440e79cdf2ec6a2d8e79?s=96&d=mm&r=g\",\"caption\":\"Andre Deak\"},\"url\":\"https:\/\/institutocpfl.org.br\/play\/author\/andredeak\/\"}]}<\/script>\n<!-- \/ Yoast SEO plugin. -->","yoast_head_json":{"title":"Kafka: o mal-estar como cultura ontem e hoje | M\u00e1rcio Seligmann - instituto cpfl play","robots":{"index":"index","follow":"follow","max-snippet":"max-snippet:-1","max-image-preview":"max-image-preview:large","max-video-preview":"max-video-preview:-1"},"canonical":"https:\/\/institutocpfl.org.br\/play\/kafka-o-mal-estar-como-cultura-ontem-e-hoje-marcio-seligmann\/","og_locale":"pt_BR","og_type":"article","og_title":"Kafka: o mal-estar como cultura ontem e hoje | M\u00e1rcio Seligmann - instituto cpfl play","og_description":"Mesmo ap\u00f3s as experi\u00eancias hist\u00f3ricas do totalitarismo e do holocausto, nossa \u00e9poca ainda d\u00e1 vaz\u00e3o ao recrudescimento da personalidade autorit\u00e1ria e \u00e0 tend\u00eancias neofascistas. E tamb\u00e9m, apesar dos avan\u00e7os e descobertas t\u00e9cnico-cient\u00edficos, ainda convivemos com a dissemina\u00e7\u00e3o em massa de males como a depress\u00e3o. Dentro da s\u00e9ria \u201cAs metamorfoses da banalidade do mal\u201d, o fil\u00f3sofo [&hellip;]","og_url":"https:\/\/institutocpfl.org.br\/play\/kafka-o-mal-estar-como-cultura-ontem-e-hoje-marcio-seligmann\/","og_site_name":"instituto cpfl play","article_published_time":"2018-10-08T01:00:00+00:00","article_modified_time":"2020-06-25T20:29:13+00:00","og_image":[{"width":640,"height":480,"url":"https:\/\/institutocpfl.org.br\/play\/wp-content\/uploads\/2020\/06\/posttypevideop6297-youtube-thumbnail.jpg","type":"image\/jpeg"}],"author":"Andre Deak","twitter_card":"summary_large_image","twitter_misc":{"Escrito por":"Andre Deak","Est. tempo de leitura":"1 minuto"},"schema":{"@context":"https:\/\/schema.org","@graph":[{"@type":"Article","@id":"https:\/\/institutocpfl.org.br\/play\/kafka-o-mal-estar-como-cultura-ontem-e-hoje-marcio-seligmann\/#article","isPartOf":{"@id":"https:\/\/institutocpfl.org.br\/play\/kafka-o-mal-estar-como-cultura-ontem-e-hoje-marcio-seligmann\/"},"author":{"name":"Andre Deak","@id":"https:\/\/institutocpfl.org.br\/play\/#\/schema\/person\/b4c71b5bf04dae27ff07b2e74f55f110"},"headline":"Kafka: o mal-estar como cultura ontem e hoje | M\u00e1rcio Seligmann","datePublished":"2018-10-08T01:00:00+00:00","dateModified":"2020-06-25T20:29:13+00:00","mainEntityOfPage":{"@id":"https:\/\/institutocpfl.org.br\/play\/kafka-o-mal-estar-como-cultura-ontem-e-hoje-marcio-seligmann\/"},"wordCount":204,"commentCount":0,"publisher":{"@id":"https:\/\/institutocpfl.org.br\/play\/#organization"},"articleSection":["na tv"],"inLanguage":"pt-BR","potentialAction":[{"@type":"CommentAction","name":"Comment","target":["https:\/\/institutocpfl.org.br\/play\/kafka-o-mal-estar-como-cultura-ontem-e-hoje-marcio-seligmann\/#respond"]}]},{"@type":"WebPage","@id":"https:\/\/institutocpfl.org.br\/play\/kafka-o-mal-estar-como-cultura-ontem-e-hoje-marcio-seligmann\/","url":"https:\/\/institutocpfl.org.br\/play\/kafka-o-mal-estar-como-cultura-ontem-e-hoje-marcio-seligmann\/","name":"Kafka: o mal-estar como cultura ontem e hoje | M\u00e1rcio Seligmann - instituto cpfl play","isPartOf":{"@id":"https:\/\/institutocpfl.org.br\/play\/#website"},"datePublished":"2018-10-08T01:00:00+00:00","dateModified":"2020-06-25T20:29:13+00:00","breadcrumb":{"@id":"https:\/\/institutocpfl.org.br\/play\/kafka-o-mal-estar-como-cultura-ontem-e-hoje-marcio-seligmann\/#breadcrumb"},"inLanguage":"pt-BR","potentialAction":[{"@type":"ReadAction","target":["https:\/\/institutocpfl.org.br\/play\/kafka-o-mal-estar-como-cultura-ontem-e-hoje-marcio-seligmann\/"]}]},{"@type":"BreadcrumbList","@id":"https:\/\/institutocpfl.org.br\/play\/kafka-o-mal-estar-como-cultura-ontem-e-hoje-marcio-seligmann\/#breadcrumb","itemListElement":[{"@type":"ListItem","position":1,"name":"Kafka: o mal-estar como cultura ontem e hoje | M\u00e1rcio Seligmann"}]},{"@type":"WebSite","@id":"https:\/\/institutocpfl.org.br\/play\/#website","url":"https:\/\/institutocpfl.org.br\/play\/","name":"instituto cpfl play","description":"programa\u00e7\u00e3o audiovisual","publisher":{"@id":"https:\/\/institutocpfl.org.br\/play\/#organization"},"potentialAction":[{"@type":"SearchAction","target":{"@type":"EntryPoint","urlTemplate":"https:\/\/institutocpfl.org.br\/play\/?s={search_term_string}"},"query-input":"required name=search_term_string"}],"inLanguage":"pt-BR"},{"@type":"Organization","@id":"https:\/\/institutocpfl.org.br\/play\/#organization","name":"instituto cpfl play","url":"https:\/\/institutocpfl.org.br\/play\/","sameAs":[],"logo":{"@type":"ImageObject","inLanguage":"pt-BR","@id":"https:\/\/institutocpfl.org.br\/play\/#\/schema\/logo\/image\/","url":"https:\/\/institutocpfl.org.br\/play\/wp-content\/uploads\/2017\/11\/logo-cpfl-play__old.png","contentUrl":"https:\/\/institutocpfl.org.br\/play\/wp-content\/uploads\/2017\/11\/logo-cpfl-play__old.png","width":130,"height":58,"caption":"instituto cpfl play"},"image":{"@id":"https:\/\/institutocpfl.org.br\/play\/#\/schema\/logo\/image\/"}},{"@type":"Person","@id":"https:\/\/institutocpfl.org.br\/play\/#\/schema\/person\/b4c71b5bf04dae27ff07b2e74f55f110","name":"Andre Deak","image":{"@type":"ImageObject","inLanguage":"pt-BR","@id":"https:\/\/institutocpfl.org.br\/play\/#\/schema\/person\/image\/","url":"https:\/\/secure.gravatar.com\/avatar\/88eff11c4ccd440e79cdf2ec6a2d8e79?s=96&d=mm&r=g","contentUrl":"https:\/\/secure.gravatar.com\/avatar\/88eff11c4ccd440e79cdf2ec6a2d8e79?s=96&d=mm&r=g","caption":"Andre Deak"},"url":"https:\/\/institutocpfl.org.br\/play\/author\/andredeak\/"}]}},"_links":{"self":[{"href":"https:\/\/institutocpfl.org.br\/play\/wp-json\/wp\/v2\/posts\/6297"}],"collection":[{"href":"https:\/\/institutocpfl.org.br\/play\/wp-json\/wp\/v2\/posts"}],"about":[{"href":"https:\/\/institutocpfl.org.br\/play\/wp-json\/wp\/v2\/types\/post"}],"author":[{"embeddable":true,"href":"https:\/\/institutocpfl.org.br\/play\/wp-json\/wp\/v2\/users\/2"}],"replies":[{"embeddable":true,"href":"https:\/\/institutocpfl.org.br\/play\/wp-json\/wp\/v2\/comments?post=6297"}],"version-history":[{"count":2,"href":"https:\/\/institutocpfl.org.br\/play\/wp-json\/wp\/v2\/posts\/6297\/revisions"}],"predecessor-version":[{"id":6300,"href":"https:\/\/institutocpfl.org.br\/play\/wp-json\/wp\/v2\/posts\/6297\/revisions\/6300"}],"wp:featuredmedia":[{"embeddable":true,"href":"https:\/\/institutocpfl.org.br\/play\/wp-json\/wp\/v2\/media\/6298"}],"wp:attachment":[{"href":"https:\/\/institutocpfl.org.br\/play\/wp-json\/wp\/v2\/media?parent=6297"}],"wp:term":[{"taxonomy":"category","embeddable":true,"href":"https:\/\/institutocpfl.org.br\/play\/wp-json\/wp\/v2\/categories?post=6297"},{"taxonomy":"post_tag","embeddable":true,"href":"https:\/\/institutocpfl.org.br\/play\/wp-json\/wp\/v2\/tags?post=6297"}],"curies":[{"name":"wp","href":"https:\/\/api.w.org\/{rel}","templated":true}]}}