{"id":6153,"date":"2018-07-12T13:00:03","date_gmt":"2018-07-12T13:00:03","guid":{"rendered":"https:\/\/institutocpfl.org.br\/play\/?post_type=video&#038;p=6153"},"modified":"2020-06-24T16:03:22","modified_gmt":"2020-06-24T19:03:22","slug":"etica-na-contemporaneidade-andre-martins","status":"publish","type":"post","link":"https:\/\/institutocpfl.org.br\/play\/etica-na-contemporaneidade-andre-martins\/","title":{"rendered":"\u00c9tica na contemporaneidade | Andr\u00e9 Martins"},"content":{"rendered":"<p>Como deve ser fundamentada a \u00e9tica no mundo contempor\u00e2neo? Essa quest\u00e3o surge com for\u00e7a diante da crise dos valores tradicionais, baseados na ideia de um bem e mal absolutos. No programa de hoje, o fil\u00f3sofo e psicanalista Andr\u00e9 Martins fundamenta uma \u00e9tica para a contemporaneidade, valendo-se do pensamento de Spinoza, Nietzsche e Winnicott.<\/p>\n<p>Siga o Instituto CPFL<br \/>\n\u2022 Facebook: <a href=\"https:\/\/www.facebook.com\/institutocpfl\"><span style=\"color: #0000ff;\">https:\/\/www.facebook.com\/institutocpfl<\/span><\/a><br \/>\n\u2022 Twitter: <a href=\"https:\/\/twitter.com\/cafe_filosofico\"><span style=\"color: #0000ff;\">https:\/\/twitter.com\/cafe_filosofico<\/span><\/a><br \/>\n\u2022 Site: <a href=\"http:\/\/www.institutocpfl.org.br\/\"><span style=\"color: #0000ff;\">http:\/\/www.institutocpfl.org.br\/<\/span><\/a><\/p>\n","protected":false},"excerpt":{"rendered":"<p>Como deve ser fundamentada a \u00e9tica no mundo contempor\u00e2neo? Essa quest\u00e3o surge com for\u00e7a diante da crise dos valores tradicionais, baseados na ideia de um bem e mal absolutos. No programa de hoje, o fil\u00f3sofo e psicanalista Andr\u00e9 Martins fundamenta uma \u00e9tica para a contemporaneidade, valendo-se do pensamento de Spinoza, Nietzsche e Winnicott. Siga o [&hellip;]<\/p>\n","protected":false},"author":2,"featured_media":6154,"comment_status":"open","ping_status":"open","sticky":false,"template":"","format":"video","meta":{"footnotes":""},"categories":[1],"tags":[],"youtube_video":{"channel_id":"UCEgITwyUyDiMVBpmDibjP3g","channel_title":"Caf\u00e9 Filos\u00f3fico CPFL","title":"\u00c9tica na contemporaneidade | Andr\u00e9 Martins","description":"Como deve ser fundamentada a \u00e9tica no mundo contempor\u00e2neo? Essa quest\u00e3o surge com for\u00e7a diante da crise dos valores tradicionais, baseados na ideia de um bem e mal absolutos. No programa de hoje, o fil\u00f3sofo e psicanalista Andr\u00e9 Martins fundamenta uma \u00e9tica para a contemporaneidade, valendo-se do pensamento de Spinoza, Nietzsche e Winnicott.\n\nInscreva-se no canal e clique no sininho para ser notificado das novidades!\n\nSiga a TV Cultura:\n- Facebook: https:\/\/www.facebook.com\/tvcultura\n- Twitter: https:\/\/twitter.com\/tvcultura\n- Instagram: https:\/\/www.instagram.com\/tvcultura\n- G+: https:\/\/plus.google.com\/+tvcultura\n- Site: http:\/\/tvcultura.com.br\/programas\/cafefilosofico\n\nSiga o Instituto CPFL\n- Facebook: https:\/\/www.facebook.com\/institutocpfl\n- Twitter: https:\/\/twitter.com\/cafe_filosofico\n- Site: http:\/\/www.institutocpfl.org.br\/","category_id":"27","category":"Education","tags":["Cafe filosofico","cpfl tv cultura","palestra conhecimento","\u00e9tica","contemporaneidade","Andr\u00e9 Martins","Spinoza","Nietzsche","Winnicott"],"duration":2892,"iso_duration":"PT48M12S","human_duration":"48:12","definition":"hd","thumbnails":{"default":{"url":"https:\/\/i.ytimg.com\/vi\/YsPZ3jXlNHE\/default.jpg","width":120,"height":90},"medium":{"url":"https:\/\/i.ytimg.com\/vi\/YsPZ3jXlNHE\/mqdefault.jpg","width":320,"height":180},"high":{"url":"https:\/\/i.ytimg.com\/vi\/YsPZ3jXlNHE\/hqdefault.jpg","width":480,"height":360},"standard":{"url":"https:\/\/i.ytimg.com\/vi\/YsPZ3jXlNHE\/sddefault.jpg","width":640,"height":480},"maxres":{"url":"https:\/\/i.ytimg.com\/vi\/YsPZ3jXlNHE\/maxresdefault.jpg","width":1280,"height":720}},"video_id":"YsPZ3jXlNHE","published":"2018-07-12 13:00:03","stats":{"comments":"6","views":"5912","likes":"289","dislikes":"7","favourite":"0"},"privacy":{"status":"public","embeddable":true,"license":"youtube"}},"yoast_head":"<!-- This site is optimized with the Yoast SEO plugin v19.6.1 - https:\/\/yoast.com\/wordpress\/plugins\/seo\/ -->\n<title>\u00c9tica na contemporaneidade | Andr\u00e9 Martins - instituto cpfl play<\/title>\n<meta name=\"robots\" content=\"index, follow, max-snippet:-1, max-image-preview:large, max-video-preview:-1\" \/>\n<link rel=\"canonical\" href=\"https:\/\/institutocpfl.org.br\/play\/etica-na-contemporaneidade-andre-martins\/\" \/>\n<meta property=\"og:locale\" content=\"pt_BR\" \/>\n<meta property=\"og:type\" content=\"article\" \/>\n<meta property=\"og:title\" content=\"\u00c9tica na contemporaneidade | Andr\u00e9 Martins - instituto cpfl play\" \/>\n<meta property=\"og:description\" content=\"Como deve ser fundamentada a \u00e9tica no mundo contempor\u00e2neo? Essa quest\u00e3o surge com for\u00e7a diante da crise dos valores tradicionais, baseados na ideia de um bem e mal absolutos. No programa de hoje, o fil\u00f3sofo e psicanalista Andr\u00e9 Martins fundamenta uma \u00e9tica para a contemporaneidade, valendo-se do pensamento de Spinoza, Nietzsche e Winnicott. Siga o [&hellip;]\" \/>\n<meta property=\"og:url\" content=\"https:\/\/institutocpfl.org.br\/play\/etica-na-contemporaneidade-andre-martins\/\" \/>\n<meta property=\"og:site_name\" content=\"instituto cpfl play\" \/>\n<meta property=\"article:published_time\" content=\"2018-07-12T13:00:03+00:00\" \/>\n<meta property=\"article:modified_time\" content=\"2020-06-24T19:03:22+00:00\" \/>\n<meta property=\"og:image\" content=\"https:\/\/institutocpfl.org.br\/play\/wp-content\/uploads\/2020\/06\/posttypevideop6153-youtube-thumbnail.jpg\" \/>\n\t<meta property=\"og:image:width\" content=\"640\" \/>\n\t<meta property=\"og:image:height\" content=\"480\" \/>\n\t<meta property=\"og:image:type\" content=\"image\/jpeg\" \/>\n<meta name=\"author\" content=\"Andre Deak\" \/>\n<meta name=\"twitter:card\" content=\"summary_large_image\" \/>\n<meta name=\"twitter:label1\" content=\"Escrito por\" \/>\n\t<meta name=\"twitter:data1\" content=\"Andre Deak\" \/>\n<script type=\"application\/ld+json\" class=\"yoast-schema-graph\">{\"@context\":\"https:\/\/schema.org\",\"@graph\":[{\"@type\":\"Article\",\"@id\":\"https:\/\/institutocpfl.org.br\/play\/etica-na-contemporaneidade-andre-martins\/#article\",\"isPartOf\":{\"@id\":\"https:\/\/institutocpfl.org.br\/play\/etica-na-contemporaneidade-andre-martins\/\"},\"author\":{\"name\":\"Andre Deak\",\"@id\":\"https:\/\/institutocpfl.org.br\/play\/#\/schema\/person\/b4c71b5bf04dae27ff07b2e74f55f110\"},\"headline\":\"\u00c9tica na contemporaneidade | Andr\u00e9 Martins\",\"datePublished\":\"2018-07-12T13:00:03+00:00\",\"dateModified\":\"2020-06-24T19:03:22+00:00\",\"mainEntityOfPage\":{\"@id\":\"https:\/\/institutocpfl.org.br\/play\/etica-na-contemporaneidade-andre-martins\/\"},\"wordCount\":84,\"commentCount\":0,\"publisher\":{\"@id\":\"https:\/\/institutocpfl.org.br\/play\/#organization\"},\"inLanguage\":\"pt-BR\",\"potentialAction\":[{\"@type\":\"CommentAction\",\"name\":\"Comment\",\"target\":[\"https:\/\/institutocpfl.org.br\/play\/etica-na-contemporaneidade-andre-martins\/#respond\"]}]},{\"@type\":\"WebPage\",\"@id\":\"https:\/\/institutocpfl.org.br\/play\/etica-na-contemporaneidade-andre-martins\/\",\"url\":\"https:\/\/institutocpfl.org.br\/play\/etica-na-contemporaneidade-andre-martins\/\",\"name\":\"\u00c9tica na contemporaneidade | Andr\u00e9 Martins - instituto cpfl play\",\"isPartOf\":{\"@id\":\"https:\/\/institutocpfl.org.br\/play\/#website\"},\"datePublished\":\"2018-07-12T13:00:03+00:00\",\"dateModified\":\"2020-06-24T19:03:22+00:00\",\"breadcrumb\":{\"@id\":\"https:\/\/institutocpfl.org.br\/play\/etica-na-contemporaneidade-andre-martins\/#breadcrumb\"},\"inLanguage\":\"pt-BR\",\"potentialAction\":[{\"@type\":\"ReadAction\",\"target\":[\"https:\/\/institutocpfl.org.br\/play\/etica-na-contemporaneidade-andre-martins\/\"]}]},{\"@type\":\"BreadcrumbList\",\"@id\":\"https:\/\/institutocpfl.org.br\/play\/etica-na-contemporaneidade-andre-martins\/#breadcrumb\",\"itemListElement\":[{\"@type\":\"ListItem\",\"position\":1,\"name\":\"\u00c9tica na contemporaneidade | Andr\u00e9 Martins\"}]},{\"@type\":\"WebSite\",\"@id\":\"https:\/\/institutocpfl.org.br\/play\/#website\",\"url\":\"https:\/\/institutocpfl.org.br\/play\/\",\"name\":\"instituto cpfl play\",\"description\":\"programa\u00e7\u00e3o audiovisual\",\"publisher\":{\"@id\":\"https:\/\/institutocpfl.org.br\/play\/#organization\"},\"potentialAction\":[{\"@type\":\"SearchAction\",\"target\":{\"@type\":\"EntryPoint\",\"urlTemplate\":\"https:\/\/institutocpfl.org.br\/play\/?s={search_term_string}\"},\"query-input\":\"required name=search_term_string\"}],\"inLanguage\":\"pt-BR\"},{\"@type\":\"Organization\",\"@id\":\"https:\/\/institutocpfl.org.br\/play\/#organization\",\"name\":\"instituto cpfl play\",\"url\":\"https:\/\/institutocpfl.org.br\/play\/\",\"sameAs\":[],\"logo\":{\"@type\":\"ImageObject\",\"inLanguage\":\"pt-BR\",\"@id\":\"https:\/\/institutocpfl.org.br\/play\/#\/schema\/logo\/image\/\",\"url\":\"https:\/\/institutocpfl.org.br\/play\/wp-content\/uploads\/2017\/11\/logo-cpfl-play__old.png\",\"contentUrl\":\"https:\/\/institutocpfl.org.br\/play\/wp-content\/uploads\/2017\/11\/logo-cpfl-play__old.png\",\"width\":130,\"height\":58,\"caption\":\"instituto cpfl play\"},\"image\":{\"@id\":\"https:\/\/institutocpfl.org.br\/play\/#\/schema\/logo\/image\/\"}},{\"@type\":\"Person\",\"@id\":\"https:\/\/institutocpfl.org.br\/play\/#\/schema\/person\/b4c71b5bf04dae27ff07b2e74f55f110\",\"name\":\"Andre Deak\",\"image\":{\"@type\":\"ImageObject\",\"inLanguage\":\"pt-BR\",\"@id\":\"https:\/\/institutocpfl.org.br\/play\/#\/schema\/person\/image\/\",\"url\":\"https:\/\/secure.gravatar.com\/avatar\/88eff11c4ccd440e79cdf2ec6a2d8e79?s=96&d=mm&r=g\",\"contentUrl\":\"https:\/\/secure.gravatar.com\/avatar\/88eff11c4ccd440e79cdf2ec6a2d8e79?s=96&d=mm&r=g\",\"caption\":\"Andre Deak\"},\"url\":\"https:\/\/institutocpfl.org.br\/play\/author\/andredeak\/\"}]}<\/script>\n<!-- \/ Yoast SEO plugin. -->","yoast_head_json":{"title":"\u00c9tica na contemporaneidade | Andr\u00e9 Martins - instituto cpfl play","robots":{"index":"index","follow":"follow","max-snippet":"max-snippet:-1","max-image-preview":"max-image-preview:large","max-video-preview":"max-video-preview:-1"},"canonical":"https:\/\/institutocpfl.org.br\/play\/etica-na-contemporaneidade-andre-martins\/","og_locale":"pt_BR","og_type":"article","og_title":"\u00c9tica na contemporaneidade | Andr\u00e9 Martins - instituto cpfl play","og_description":"Como deve ser fundamentada a \u00e9tica no mundo contempor\u00e2neo? Essa quest\u00e3o surge com for\u00e7a diante da crise dos valores tradicionais, baseados na ideia de um bem e mal absolutos. No programa de hoje, o fil\u00f3sofo e psicanalista Andr\u00e9 Martins fundamenta uma \u00e9tica para a contemporaneidade, valendo-se do pensamento de Spinoza, Nietzsche e Winnicott. Siga o [&hellip;]","og_url":"https:\/\/institutocpfl.org.br\/play\/etica-na-contemporaneidade-andre-martins\/","og_site_name":"instituto cpfl play","article_published_time":"2018-07-12T13:00:03+00:00","article_modified_time":"2020-06-24T19:03:22+00:00","og_image":[{"width":640,"height":480,"url":"https:\/\/institutocpfl.org.br\/play\/wp-content\/uploads\/2020\/06\/posttypevideop6153-youtube-thumbnail.jpg","type":"image\/jpeg"}],"author":"Andre Deak","twitter_card":"summary_large_image","twitter_misc":{"Escrito por":"Andre Deak"},"schema":{"@context":"https:\/\/schema.org","@graph":[{"@type":"Article","@id":"https:\/\/institutocpfl.org.br\/play\/etica-na-contemporaneidade-andre-martins\/#article","isPartOf":{"@id":"https:\/\/institutocpfl.org.br\/play\/etica-na-contemporaneidade-andre-martins\/"},"author":{"name":"Andre Deak","@id":"https:\/\/institutocpfl.org.br\/play\/#\/schema\/person\/b4c71b5bf04dae27ff07b2e74f55f110"},"headline":"\u00c9tica na contemporaneidade | Andr\u00e9 Martins","datePublished":"2018-07-12T13:00:03+00:00","dateModified":"2020-06-24T19:03:22+00:00","mainEntityOfPage":{"@id":"https:\/\/institutocpfl.org.br\/play\/etica-na-contemporaneidade-andre-martins\/"},"wordCount":84,"commentCount":0,"publisher":{"@id":"https:\/\/institutocpfl.org.br\/play\/#organization"},"inLanguage":"pt-BR","potentialAction":[{"@type":"CommentAction","name":"Comment","target":["https:\/\/institutocpfl.org.br\/play\/etica-na-contemporaneidade-andre-martins\/#respond"]}]},{"@type":"WebPage","@id":"https:\/\/institutocpfl.org.br\/play\/etica-na-contemporaneidade-andre-martins\/","url":"https:\/\/institutocpfl.org.br\/play\/etica-na-contemporaneidade-andre-martins\/","name":"\u00c9tica na contemporaneidade | Andr\u00e9 Martins - instituto cpfl play","isPartOf":{"@id":"https:\/\/institutocpfl.org.br\/play\/#website"},"datePublished":"2018-07-12T13:00:03+00:00","dateModified":"2020-06-24T19:03:22+00:00","breadcrumb":{"@id":"https:\/\/institutocpfl.org.br\/play\/etica-na-contemporaneidade-andre-martins\/#breadcrumb"},"inLanguage":"pt-BR","potentialAction":[{"@type":"ReadAction","target":["https:\/\/institutocpfl.org.br\/play\/etica-na-contemporaneidade-andre-martins\/"]}]},{"@type":"BreadcrumbList","@id":"https:\/\/institutocpfl.org.br\/play\/etica-na-contemporaneidade-andre-martins\/#breadcrumb","itemListElement":[{"@type":"ListItem","position":1,"name":"\u00c9tica na contemporaneidade | Andr\u00e9 Martins"}]},{"@type":"WebSite","@id":"https:\/\/institutocpfl.org.br\/play\/#website","url":"https:\/\/institutocpfl.org.br\/play\/","name":"instituto cpfl play","description":"programa\u00e7\u00e3o audiovisual","publisher":{"@id":"https:\/\/institutocpfl.org.br\/play\/#organization"},"potentialAction":[{"@type":"SearchAction","target":{"@type":"EntryPoint","urlTemplate":"https:\/\/institutocpfl.org.br\/play\/?s={search_term_string}"},"query-input":"required name=search_term_string"}],"inLanguage":"pt-BR"},{"@type":"Organization","@id":"https:\/\/institutocpfl.org.br\/play\/#organization","name":"instituto cpfl play","url":"https:\/\/institutocpfl.org.br\/play\/","sameAs":[],"logo":{"@type":"ImageObject","inLanguage":"pt-BR","@id":"https:\/\/institutocpfl.org.br\/play\/#\/schema\/logo\/image\/","url":"https:\/\/institutocpfl.org.br\/play\/wp-content\/uploads\/2017\/11\/logo-cpfl-play__old.png","contentUrl":"https:\/\/institutocpfl.org.br\/play\/wp-content\/uploads\/2017\/11\/logo-cpfl-play__old.png","width":130,"height":58,"caption":"instituto cpfl play"},"image":{"@id":"https:\/\/institutocpfl.org.br\/play\/#\/schema\/logo\/image\/"}},{"@type":"Person","@id":"https:\/\/institutocpfl.org.br\/play\/#\/schema\/person\/b4c71b5bf04dae27ff07b2e74f55f110","name":"Andre Deak","image":{"@type":"ImageObject","inLanguage":"pt-BR","@id":"https:\/\/institutocpfl.org.br\/play\/#\/schema\/person\/image\/","url":"https:\/\/secure.gravatar.com\/avatar\/88eff11c4ccd440e79cdf2ec6a2d8e79?s=96&d=mm&r=g","contentUrl":"https:\/\/secure.gravatar.com\/avatar\/88eff11c4ccd440e79cdf2ec6a2d8e79?s=96&d=mm&r=g","caption":"Andre Deak"},"url":"https:\/\/institutocpfl.org.br\/play\/author\/andredeak\/"}]}},"_links":{"self":[{"href":"https:\/\/institutocpfl.org.br\/play\/wp-json\/wp\/v2\/posts\/6153"}],"collection":[{"href":"https:\/\/institutocpfl.org.br\/play\/wp-json\/wp\/v2\/posts"}],"about":[{"href":"https:\/\/institutocpfl.org.br\/play\/wp-json\/wp\/v2\/types\/post"}],"author":[{"embeddable":true,"href":"https:\/\/institutocpfl.org.br\/play\/wp-json\/wp\/v2\/users\/2"}],"replies":[{"embeddable":true,"href":"https:\/\/institutocpfl.org.br\/play\/wp-json\/wp\/v2\/comments?post=6153"}],"version-history":[{"count":3,"href":"https:\/\/institutocpfl.org.br\/play\/wp-json\/wp\/v2\/posts\/6153\/revisions"}],"predecessor-version":[{"id":8712,"href":"https:\/\/institutocpfl.org.br\/play\/wp-json\/wp\/v2\/posts\/6153\/revisions\/8712"}],"wp:featuredmedia":[{"embeddable":true,"href":"https:\/\/institutocpfl.org.br\/play\/wp-json\/wp\/v2\/media\/6154"}],"wp:attachment":[{"href":"https:\/\/institutocpfl.org.br\/play\/wp-json\/wp\/v2\/media?parent=6153"}],"wp:term":[{"taxonomy":"category","embeddable":true,"href":"https:\/\/institutocpfl.org.br\/play\/wp-json\/wp\/v2\/categories?post=6153"},{"taxonomy":"post_tag","embeddable":true,"href":"https:\/\/institutocpfl.org.br\/play\/wp-json\/wp\/v2\/tags?post=6153"}],"curies":[{"name":"wp","href":"https:\/\/api.w.org\/{rel}","templated":true}]}}