{"id":5733,"date":"2017-10-16T00:00:00","date_gmt":"2017-10-16T00:00:00","guid":{"rendered":"https:\/\/institutocpfl.org.br\/play\/?post_type=video&#038;p=5733"},"modified":"2020-06-18T16:18:04","modified_gmt":"2020-06-18T19:18:04","slug":"ansiedade-panico-e-compulsoes-fernanda-pacheco-ferreira","status":"publish","type":"post","link":"https:\/\/institutocpfl.org.br\/play\/ansiedade-panico-e-compulsoes-fernanda-pacheco-ferreira\/","title":{"rendered":"Ansiedade, p\u00e2nico e compuls\u00f5es | Fernanda Pacheco Ferreira"},"content":{"rendered":"<p>Qualquer comportamento da vida afetiva que poderia ser considerado normal at\u00e9 tempos atr\u00e1s, atualmente pode ser encontrado entre as classifica\u00e7\u00f5es dos manuais de psiquiatria. O que aconteceu? Ser\u00e1 que ampliamos demais a esfera do que \u00e9 patologia, reduzindo o campo do que seria normal?<\/p>\n<p>Como entender os transtornos de ansiedade e as compuls\u00f5es hoje? Ser\u00e1 que Freud ainda nos explica? Neste Caf\u00e9 Filos\u00f3fico, Fernanda Pacheco Ferreira discute as queixas que estamos levando ao div\u00e3 e como as mudan\u00e7as que ocorreram em nosso modo de viver est\u00e3o se refletindo na cl\u00ednica psicanal\u00edtica.<\/p>\n<p>Siga o Instituto CPFL<br \/>\n\u2022 Facebook: <a href=\"https:\/\/www.facebook.com\/institutocpfl\"><span style=\"color: #0000ff;\">https:\/\/www.facebook.com\/institutocpfl<\/span><\/a><br \/>\n\u2022 Twitter: <a href=\"https:\/\/twitter.com\/cafe_filosofico\"><span style=\"color: #0000ff;\">https:\/\/twitter.com\/cafe_filosofico<\/span><\/a><br \/>\n\u2022 Site: <a href=\"http:\/\/www.institutocpfl.org.br\/\"><span style=\"color: #0000ff;\">http:\/\/www.institutocpfl.org.br\/<\/span><\/a><\/p>\n","protected":false},"excerpt":{"rendered":"<p>Qualquer comportamento da vida afetiva que poderia ser considerado normal at\u00e9 tempos atr\u00e1s, atualmente pode ser encontrado entre as classifica\u00e7\u00f5es dos manuais de psiquiatria. O que aconteceu? Ser\u00e1 que ampliamos demais a esfera do que \u00e9 patologia, reduzindo o campo do que seria normal? Como entender os transtornos de ansiedade e as compuls\u00f5es hoje? Ser\u00e1 [&hellip;]<\/p>\n","protected":false},"author":2,"featured_media":5734,"comment_status":"open","ping_status":"open","sticky":false,"template":"","format":"video","meta":{"footnotes":""},"categories":[273,1],"tags":[],"youtube_video":{"channel_id":"UCEgITwyUyDiMVBpmDibjP3g","channel_title":"Caf\u00e9 Filos\u00f3fico CPFL","title":"Ansiedade, p\u00e2nico e compuls\u00f5es | Fernanda Pacheco Ferreira","description":"Qualquer comportamento da vida afetiva que poderia ser considerado normal at\u00e9 tempos atr\u00e1s, atualmente pode ser encontrado entre as classifica\u00e7\u00f5es dos manuais de psiquiatria. O que aconteceu? Ser\u00e1 que ampliamos demais a esfera do que \u00e9 patologia, reduzindo o campo do que seria normal? \n\nComo entender os transtornos de ansiedade e as compuls\u00f5es hoje? Ser\u00e1 que Freud ainda nos explica? Neste Caf\u00e9 Filos\u00f3fico, Fernanda Pacheco Ferreira discute as queixas que estamos levando ao div\u00e3 e como as mudan\u00e7as que ocorreram em nosso modo de viver est\u00e3o se refletindo na cl\u00ednica psicanal\u00edtica.\n\nInscreva-se no canal e clique no sininho para ser notificado das novidades!\n\nSiga a TV Cultura:\n- Facebook: https:\/\/www.facebook.com\/tvcultura\n- Twitter: https:\/\/twitter.com\/tvcultura\n- Instagram: https:\/\/www.instagram.com\/tvcultura\n- G+: https:\/\/plus.google.com\/+tvcultura\n- Site: http:\/\/tvcultura.com.br\/programas\/caf...\n\nSiga o Instituto CPFL\n- Facebook: https:\/\/www.facebook.com\/institutocpfl\n- Twitter: https:\/\/twitter.com\/cafe_filosofico\n- Site: http:\/\/www.institutocpfl.org.br\/","category_id":"24","category":"Entertainment","tags":["reflexao","palestra","cafe filosofico","ansiedade","panico","compulsoes","fernanda pacheco ferreira","comportamento","vida afetiva","psiquiatria","transtornos","freud","cl\u00ednica psicanal\u00edtica","div\u00e3","vida"],"duration":3014,"iso_duration":"PT50M14S","human_duration":"50:14","definition":"hd","thumbnails":{"default":{"url":"https:\/\/i.ytimg.com\/vi\/AU1rlvd6e9k\/default.jpg","width":120,"height":90},"medium":{"url":"https:\/\/i.ytimg.com\/vi\/AU1rlvd6e9k\/mqdefault.jpg","width":320,"height":180},"high":{"url":"https:\/\/i.ytimg.com\/vi\/AU1rlvd6e9k\/hqdefault.jpg","width":480,"height":360},"standard":{"url":"https:\/\/i.ytimg.com\/vi\/AU1rlvd6e9k\/sddefault.jpg","width":640,"height":480},"maxres":{"url":"https:\/\/i.ytimg.com\/vi\/AU1rlvd6e9k\/maxresdefault.jpg","width":1280,"height":720}},"video_id":"AU1rlvd6e9k","published":"2017-10-16 00:00:00","stats":{"comments":"184","views":"103536","likes":"3340","dislikes":"153","favourite":"0"},"privacy":{"status":"public","embeddable":true,"license":"youtube"}},"yoast_head":"<!-- This site is optimized with the Yoast SEO plugin v19.6.1 - https:\/\/yoast.com\/wordpress\/plugins\/seo\/ -->\n<title>Ansiedade, p\u00e2nico e compuls\u00f5es | Fernanda Pacheco Ferreira - instituto cpfl play<\/title>\n<meta name=\"robots\" content=\"index, follow, max-snippet:-1, max-image-preview:large, max-video-preview:-1\" \/>\n<link rel=\"canonical\" href=\"https:\/\/institutocpfl.org.br\/play\/ansiedade-panico-e-compulsoes-fernanda-pacheco-ferreira\/\" \/>\n<meta property=\"og:locale\" content=\"pt_BR\" \/>\n<meta property=\"og:type\" content=\"article\" \/>\n<meta property=\"og:title\" content=\"Ansiedade, p\u00e2nico e compuls\u00f5es | Fernanda Pacheco Ferreira - instituto cpfl play\" \/>\n<meta property=\"og:description\" content=\"Qualquer comportamento da vida afetiva que poderia ser considerado normal at\u00e9 tempos atr\u00e1s, atualmente pode ser encontrado entre as classifica\u00e7\u00f5es dos manuais de psiquiatria. O que aconteceu? Ser\u00e1 que ampliamos demais a esfera do que \u00e9 patologia, reduzindo o campo do que seria normal? Como entender os transtornos de ansiedade e as compuls\u00f5es hoje? Ser\u00e1 [&hellip;]\" \/>\n<meta property=\"og:url\" content=\"https:\/\/institutocpfl.org.br\/play\/ansiedade-panico-e-compulsoes-fernanda-pacheco-ferreira\/\" \/>\n<meta property=\"og:site_name\" content=\"instituto cpfl play\" \/>\n<meta property=\"article:published_time\" content=\"2017-10-16T00:00:00+00:00\" \/>\n<meta property=\"article:modified_time\" content=\"2020-06-18T19:18:04+00:00\" \/>\n<meta property=\"og:image\" content=\"https:\/\/institutocpfl.org.br\/play\/wp-content\/uploads\/2020\/06\/posttypevideop5733-youtube-thumbnail.jpg\" \/>\n\t<meta property=\"og:image:width\" content=\"640\" \/>\n\t<meta property=\"og:image:height\" content=\"480\" \/>\n\t<meta property=\"og:image:type\" content=\"image\/jpeg\" \/>\n<meta name=\"author\" content=\"Andre Deak\" \/>\n<meta name=\"twitter:card\" content=\"summary_large_image\" \/>\n<meta name=\"twitter:label1\" content=\"Escrito por\" \/>\n\t<meta name=\"twitter:data1\" content=\"Andre Deak\" \/>\n\t<meta name=\"twitter:label2\" content=\"Est. tempo de leitura\" \/>\n\t<meta name=\"twitter:data2\" content=\"1 minuto\" \/>\n<script type=\"application\/ld+json\" class=\"yoast-schema-graph\">{\"@context\":\"https:\/\/schema.org\",\"@graph\":[{\"@type\":\"Article\",\"@id\":\"https:\/\/institutocpfl.org.br\/play\/ansiedade-panico-e-compulsoes-fernanda-pacheco-ferreira\/#article\",\"isPartOf\":{\"@id\":\"https:\/\/institutocpfl.org.br\/play\/ansiedade-panico-e-compulsoes-fernanda-pacheco-ferreira\/\"},\"author\":{\"name\":\"Andre Deak\",\"@id\":\"https:\/\/institutocpfl.org.br\/play\/#\/schema\/person\/b4c71b5bf04dae27ff07b2e74f55f110\"},\"headline\":\"Ansiedade, p\u00e2nico e compuls\u00f5es | Fernanda Pacheco Ferreira\",\"datePublished\":\"2017-10-16T00:00:00+00:00\",\"dateModified\":\"2020-06-18T19:18:04+00:00\",\"mainEntityOfPage\":{\"@id\":\"https:\/\/institutocpfl.org.br\/play\/ansiedade-panico-e-compulsoes-fernanda-pacheco-ferreira\/\"},\"wordCount\":129,\"commentCount\":0,\"publisher\":{\"@id\":\"https:\/\/institutocpfl.org.br\/play\/#organization\"},\"articleSection\":[\"na tv\"],\"inLanguage\":\"pt-BR\",\"potentialAction\":[{\"@type\":\"CommentAction\",\"name\":\"Comment\",\"target\":[\"https:\/\/institutocpfl.org.br\/play\/ansiedade-panico-e-compulsoes-fernanda-pacheco-ferreira\/#respond\"]}]},{\"@type\":\"WebPage\",\"@id\":\"https:\/\/institutocpfl.org.br\/play\/ansiedade-panico-e-compulsoes-fernanda-pacheco-ferreira\/\",\"url\":\"https:\/\/institutocpfl.org.br\/play\/ansiedade-panico-e-compulsoes-fernanda-pacheco-ferreira\/\",\"name\":\"Ansiedade, p\u00e2nico e compuls\u00f5es | Fernanda Pacheco Ferreira - instituto cpfl play\",\"isPartOf\":{\"@id\":\"https:\/\/institutocpfl.org.br\/play\/#website\"},\"datePublished\":\"2017-10-16T00:00:00+00:00\",\"dateModified\":\"2020-06-18T19:18:04+00:00\",\"breadcrumb\":{\"@id\":\"https:\/\/institutocpfl.org.br\/play\/ansiedade-panico-e-compulsoes-fernanda-pacheco-ferreira\/#breadcrumb\"},\"inLanguage\":\"pt-BR\",\"potentialAction\":[{\"@type\":\"ReadAction\",\"target\":[\"https:\/\/institutocpfl.org.br\/play\/ansiedade-panico-e-compulsoes-fernanda-pacheco-ferreira\/\"]}]},{\"@type\":\"BreadcrumbList\",\"@id\":\"https:\/\/institutocpfl.org.br\/play\/ansiedade-panico-e-compulsoes-fernanda-pacheco-ferreira\/#breadcrumb\",\"itemListElement\":[{\"@type\":\"ListItem\",\"position\":1,\"name\":\"Ansiedade, p\u00e2nico e compuls\u00f5es | Fernanda Pacheco Ferreira\"}]},{\"@type\":\"WebSite\",\"@id\":\"https:\/\/institutocpfl.org.br\/play\/#website\",\"url\":\"https:\/\/institutocpfl.org.br\/play\/\",\"name\":\"instituto cpfl play\",\"description\":\"programa\u00e7\u00e3o audiovisual\",\"publisher\":{\"@id\":\"https:\/\/institutocpfl.org.br\/play\/#organization\"},\"potentialAction\":[{\"@type\":\"SearchAction\",\"target\":{\"@type\":\"EntryPoint\",\"urlTemplate\":\"https:\/\/institutocpfl.org.br\/play\/?s={search_term_string}\"},\"query-input\":\"required name=search_term_string\"}],\"inLanguage\":\"pt-BR\"},{\"@type\":\"Organization\",\"@id\":\"https:\/\/institutocpfl.org.br\/play\/#organization\",\"name\":\"instituto cpfl play\",\"url\":\"https:\/\/institutocpfl.org.br\/play\/\",\"sameAs\":[],\"logo\":{\"@type\":\"ImageObject\",\"inLanguage\":\"pt-BR\",\"@id\":\"https:\/\/institutocpfl.org.br\/play\/#\/schema\/logo\/image\/\",\"url\":\"https:\/\/institutocpfl.org.br\/play\/wp-content\/uploads\/2017\/11\/logo-cpfl-play__old.png\",\"contentUrl\":\"https:\/\/institutocpfl.org.br\/play\/wp-content\/uploads\/2017\/11\/logo-cpfl-play__old.png\",\"width\":130,\"height\":58,\"caption\":\"instituto cpfl play\"},\"image\":{\"@id\":\"https:\/\/institutocpfl.org.br\/play\/#\/schema\/logo\/image\/\"}},{\"@type\":\"Person\",\"@id\":\"https:\/\/institutocpfl.org.br\/play\/#\/schema\/person\/b4c71b5bf04dae27ff07b2e74f55f110\",\"name\":\"Andre Deak\",\"image\":{\"@type\":\"ImageObject\",\"inLanguage\":\"pt-BR\",\"@id\":\"https:\/\/institutocpfl.org.br\/play\/#\/schema\/person\/image\/\",\"url\":\"https:\/\/secure.gravatar.com\/avatar\/88eff11c4ccd440e79cdf2ec6a2d8e79?s=96&d=mm&r=g\",\"contentUrl\":\"https:\/\/secure.gravatar.com\/avatar\/88eff11c4ccd440e79cdf2ec6a2d8e79?s=96&d=mm&r=g\",\"caption\":\"Andre Deak\"},\"url\":\"https:\/\/institutocpfl.org.br\/play\/author\/andredeak\/\"}]}<\/script>\n<!-- \/ Yoast SEO plugin. -->","yoast_head_json":{"title":"Ansiedade, p\u00e2nico e compuls\u00f5es | Fernanda Pacheco Ferreira - instituto cpfl play","robots":{"index":"index","follow":"follow","max-snippet":"max-snippet:-1","max-image-preview":"max-image-preview:large","max-video-preview":"max-video-preview:-1"},"canonical":"https:\/\/institutocpfl.org.br\/play\/ansiedade-panico-e-compulsoes-fernanda-pacheco-ferreira\/","og_locale":"pt_BR","og_type":"article","og_title":"Ansiedade, p\u00e2nico e compuls\u00f5es | Fernanda Pacheco Ferreira - instituto cpfl play","og_description":"Qualquer comportamento da vida afetiva que poderia ser considerado normal at\u00e9 tempos atr\u00e1s, atualmente pode ser encontrado entre as classifica\u00e7\u00f5es dos manuais de psiquiatria. O que aconteceu? Ser\u00e1 que ampliamos demais a esfera do que \u00e9 patologia, reduzindo o campo do que seria normal? Como entender os transtornos de ansiedade e as compuls\u00f5es hoje? Ser\u00e1 [&hellip;]","og_url":"https:\/\/institutocpfl.org.br\/play\/ansiedade-panico-e-compulsoes-fernanda-pacheco-ferreira\/","og_site_name":"instituto cpfl play","article_published_time":"2017-10-16T00:00:00+00:00","article_modified_time":"2020-06-18T19:18:04+00:00","og_image":[{"width":640,"height":480,"url":"https:\/\/institutocpfl.org.br\/play\/wp-content\/uploads\/2020\/06\/posttypevideop5733-youtube-thumbnail.jpg","type":"image\/jpeg"}],"author":"Andre Deak","twitter_card":"summary_large_image","twitter_misc":{"Escrito por":"Andre Deak","Est. tempo de leitura":"1 minuto"},"schema":{"@context":"https:\/\/schema.org","@graph":[{"@type":"Article","@id":"https:\/\/institutocpfl.org.br\/play\/ansiedade-panico-e-compulsoes-fernanda-pacheco-ferreira\/#article","isPartOf":{"@id":"https:\/\/institutocpfl.org.br\/play\/ansiedade-panico-e-compulsoes-fernanda-pacheco-ferreira\/"},"author":{"name":"Andre Deak","@id":"https:\/\/institutocpfl.org.br\/play\/#\/schema\/person\/b4c71b5bf04dae27ff07b2e74f55f110"},"headline":"Ansiedade, p\u00e2nico e compuls\u00f5es | Fernanda Pacheco Ferreira","datePublished":"2017-10-16T00:00:00+00:00","dateModified":"2020-06-18T19:18:04+00:00","mainEntityOfPage":{"@id":"https:\/\/institutocpfl.org.br\/play\/ansiedade-panico-e-compulsoes-fernanda-pacheco-ferreira\/"},"wordCount":129,"commentCount":0,"publisher":{"@id":"https:\/\/institutocpfl.org.br\/play\/#organization"},"articleSection":["na tv"],"inLanguage":"pt-BR","potentialAction":[{"@type":"CommentAction","name":"Comment","target":["https:\/\/institutocpfl.org.br\/play\/ansiedade-panico-e-compulsoes-fernanda-pacheco-ferreira\/#respond"]}]},{"@type":"WebPage","@id":"https:\/\/institutocpfl.org.br\/play\/ansiedade-panico-e-compulsoes-fernanda-pacheco-ferreira\/","url":"https:\/\/institutocpfl.org.br\/play\/ansiedade-panico-e-compulsoes-fernanda-pacheco-ferreira\/","name":"Ansiedade, p\u00e2nico e compuls\u00f5es | Fernanda Pacheco Ferreira - instituto cpfl play","isPartOf":{"@id":"https:\/\/institutocpfl.org.br\/play\/#website"},"datePublished":"2017-10-16T00:00:00+00:00","dateModified":"2020-06-18T19:18:04+00:00","breadcrumb":{"@id":"https:\/\/institutocpfl.org.br\/play\/ansiedade-panico-e-compulsoes-fernanda-pacheco-ferreira\/#breadcrumb"},"inLanguage":"pt-BR","potentialAction":[{"@type":"ReadAction","target":["https:\/\/institutocpfl.org.br\/play\/ansiedade-panico-e-compulsoes-fernanda-pacheco-ferreira\/"]}]},{"@type":"BreadcrumbList","@id":"https:\/\/institutocpfl.org.br\/play\/ansiedade-panico-e-compulsoes-fernanda-pacheco-ferreira\/#breadcrumb","itemListElement":[{"@type":"ListItem","position":1,"name":"Ansiedade, p\u00e2nico e compuls\u00f5es | Fernanda Pacheco Ferreira"}]},{"@type":"WebSite","@id":"https:\/\/institutocpfl.org.br\/play\/#website","url":"https:\/\/institutocpfl.org.br\/play\/","name":"instituto cpfl play","description":"programa\u00e7\u00e3o audiovisual","publisher":{"@id":"https:\/\/institutocpfl.org.br\/play\/#organization"},"potentialAction":[{"@type":"SearchAction","target":{"@type":"EntryPoint","urlTemplate":"https:\/\/institutocpfl.org.br\/play\/?s={search_term_string}"},"query-input":"required name=search_term_string"}],"inLanguage":"pt-BR"},{"@type":"Organization","@id":"https:\/\/institutocpfl.org.br\/play\/#organization","name":"instituto cpfl play","url":"https:\/\/institutocpfl.org.br\/play\/","sameAs":[],"logo":{"@type":"ImageObject","inLanguage":"pt-BR","@id":"https:\/\/institutocpfl.org.br\/play\/#\/schema\/logo\/image\/","url":"https:\/\/institutocpfl.org.br\/play\/wp-content\/uploads\/2017\/11\/logo-cpfl-play__old.png","contentUrl":"https:\/\/institutocpfl.org.br\/play\/wp-content\/uploads\/2017\/11\/logo-cpfl-play__old.png","width":130,"height":58,"caption":"instituto cpfl play"},"image":{"@id":"https:\/\/institutocpfl.org.br\/play\/#\/schema\/logo\/image\/"}},{"@type":"Person","@id":"https:\/\/institutocpfl.org.br\/play\/#\/schema\/person\/b4c71b5bf04dae27ff07b2e74f55f110","name":"Andre Deak","image":{"@type":"ImageObject","inLanguage":"pt-BR","@id":"https:\/\/institutocpfl.org.br\/play\/#\/schema\/person\/image\/","url":"https:\/\/secure.gravatar.com\/avatar\/88eff11c4ccd440e79cdf2ec6a2d8e79?s=96&d=mm&r=g","contentUrl":"https:\/\/secure.gravatar.com\/avatar\/88eff11c4ccd440e79cdf2ec6a2d8e79?s=96&d=mm&r=g","caption":"Andre Deak"},"url":"https:\/\/institutocpfl.org.br\/play\/author\/andredeak\/"}]}},"_links":{"self":[{"href":"https:\/\/institutocpfl.org.br\/play\/wp-json\/wp\/v2\/posts\/5733"}],"collection":[{"href":"https:\/\/institutocpfl.org.br\/play\/wp-json\/wp\/v2\/posts"}],"about":[{"href":"https:\/\/institutocpfl.org.br\/play\/wp-json\/wp\/v2\/types\/post"}],"author":[{"embeddable":true,"href":"https:\/\/institutocpfl.org.br\/play\/wp-json\/wp\/v2\/users\/2"}],"replies":[{"embeddable":true,"href":"https:\/\/institutocpfl.org.br\/play\/wp-json\/wp\/v2\/comments?post=5733"}],"version-history":[{"count":2,"href":"https:\/\/institutocpfl.org.br\/play\/wp-json\/wp\/v2\/posts\/5733\/revisions"}],"predecessor-version":[{"id":5736,"href":"https:\/\/institutocpfl.org.br\/play\/wp-json\/wp\/v2\/posts\/5733\/revisions\/5736"}],"wp:featuredmedia":[{"embeddable":true,"href":"https:\/\/institutocpfl.org.br\/play\/wp-json\/wp\/v2\/media\/5734"}],"wp:attachment":[{"href":"https:\/\/institutocpfl.org.br\/play\/wp-json\/wp\/v2\/media?parent=5733"}],"wp:term":[{"taxonomy":"category","embeddable":true,"href":"https:\/\/institutocpfl.org.br\/play\/wp-json\/wp\/v2\/categories?post=5733"},{"taxonomy":"post_tag","embeddable":true,"href":"https:\/\/institutocpfl.org.br\/play\/wp-json\/wp\/v2\/tags?post=5733"}],"curies":[{"name":"wp","href":"https:\/\/api.w.org\/{rel}","templated":true}]}}