{"id":5475,"date":"2019-11-21T13:00:14","date_gmt":"2019-11-21T13:00:14","guid":{"rendered":"https:\/\/institutocpfl.org.br\/play\/?post_type=video&#038;p=5475"},"modified":"2020-06-16T12:55:56","modified_gmt":"2020-06-16T15:55:56","slug":"a-mesa-farta-a-visao-da-historiadora-mary-del-priore","status":"publish","type":"post","link":"https:\/\/institutocpfl.org.br\/play\/a-mesa-farta-a-visao-da-historiadora-mary-del-priore\/","title":{"rendered":"A mesa farta &#8211; a vis\u00e3o da historiadora | Mary Del Priore"},"content":{"rendered":"<p>Mil\u00eanios de fome fizeram o homem valorizar o alimento. Mas hoje, em boa parte do mundo, o problema transformou-se no seu contr\u00e1rio. Como conviver com a abund\u00e2ncia? Como lidar com o excesso de comida? Em \u201cA Mesa Farta\u201d, a historiadora Mary Del Priore nos leva para um passeio pela hist\u00f3ria da alimenta\u00e7\u00e3o. Da Idade M\u00e9dia, onde comer demais era pecado, \u00e0 fartura dos tempos modernos at\u00e9 nossos dias, em que gastronomia, dietas, excesso de peso s\u00e3o parte do nosso dia a dia.<\/p>\n<p>Programa exibido em 2005.<\/p>\n<p>Siga o Instituto CPFL<br \/>\n\u2022 Facebook: <a href=\"https:\/\/www.facebook.com\/institutocpfl\"><span style=\"color: #0000ff;\">https:\/\/www.facebook.com\/institutocpfl<\/span><\/a><br \/>\n\u2022 Twitter: <a href=\"https:\/\/twitter.com\/cafe_filosofico\"><span style=\"color: #0000ff;\">https:\/\/twitter.com\/cafe_filosofico<\/span><\/a><br \/>\n\u2022 Site: <a href=\"http:\/\/www.institutocpfl.org.br\/\"><span style=\"color: #0000ff;\">http:\/\/www.institutocpfl.org.br\/<\/span><\/a><\/p>\n","protected":false},"excerpt":{"rendered":"<p>Mil\u00eanios de fome fizeram o homem valorizar o alimento. Mas hoje, em boa parte do mundo, o problema transformou-se no seu contr\u00e1rio. Como conviver com a abund\u00e2ncia? Como lidar com o excesso de comida? Em \u201cA Mesa Farta\u201d, a historiadora Mary Del Priore nos leva para um passeio pela hist\u00f3ria da alimenta\u00e7\u00e3o. Da Idade M\u00e9dia, [&hellip;]<\/p>\n","protected":false},"author":2,"featured_media":5476,"comment_status":"open","ping_status":"open","sticky":false,"template":"","format":"video","meta":{"footnotes":""},"categories":[917],"tags":[],"youtube_video":{"channel_id":"UCEgITwyUyDiMVBpmDibjP3g","channel_title":"Caf\u00e9 Filos\u00f3fico CPFL","title":"A mesa farta - a vis\u00e3o da historiadora | Mary Del Priore","description":"Mil\u00eanios de fome fizeram o homem valorizar o alimento. Mas hoje, em boa parte do mundo, o problema transformou-se no seu contr\u00e1rio. Como conviver com a abund\u00e2ncia? Como lidar com o excesso de comida? Em \u201cA Mesa Farta\u201d, a historiadora Mary Del Priore nos leva para um passeio pela hist\u00f3ria da alimenta\u00e7\u00e3o. Da Idade M\u00e9dia, onde comer demais era pecado, \u00e0 fartura dos tempos modernos at\u00e9 nossos dias, em que gastronomia, dietas, excesso de peso s\u00e3o parte do nosso dia a dia.\n\nPrograma exibido em 2005.\n\nInscreva-se no canal e clique no sininho para ser notificado das novidades!\n\nSiga a TV Cultura:\n- Facebook: https:\/\/www.facebook.com\/tvcultura\n- Twitter: https:\/\/twitter.com\/tvcultura\n- Instagram: https:\/\/www.instagram.com\/tvcultura\n- G+: https:\/\/plus.google.com\/+tvcultura\n- Site: http:\/\/tvcultura.com.br\/programas\/cafefilosofico\n\nSiga o Instituto CPFL\n- Facebook: https:\/\/www.facebook.com\/institutocpfl\n- Twitter: https:\/\/twitter.com\/cafe_filosofico\n- Site: http:\/\/www.institutocpfl.org.br\/","category_id":"27","category":"Education","tags":["Cafe filosofico","cpfl tv cultura","palestra conhecimento","a mesa farta","mesa","farta","historiadora","Mary Del Priori","alimento","valorizar","comida excesso","comida","excesso","hist\u00f3ria da alimenta\u00e7\u00e3o","hist\u00f3ria","alimenta\u00e7\u00e3o","idade m\u00e9dia","pecado","fartura","gastronomia","dieta","excesso de peso","dia a dia"],"duration":3062,"iso_duration":"PT51M2S","human_duration":"51:02","definition":"hd","thumbnails":{"default":{"url":"https:\/\/i.ytimg.com\/vi\/e6DqZXxk9rY\/default.jpg","width":120,"height":90},"medium":{"url":"https:\/\/i.ytimg.com\/vi\/e6DqZXxk9rY\/mqdefault.jpg","width":320,"height":180},"high":{"url":"https:\/\/i.ytimg.com\/vi\/e6DqZXxk9rY\/hqdefault.jpg","width":480,"height":360},"standard":{"url":"https:\/\/i.ytimg.com\/vi\/e6DqZXxk9rY\/sddefault.jpg","width":640,"height":480},"maxres":{"url":"https:\/\/i.ytimg.com\/vi\/e6DqZXxk9rY\/maxresdefault.jpg","width":1280,"height":720}},"video_id":"e6DqZXxk9rY","published":"2019-11-21 13:00:14","stats":{"comments":"14","views":"6120","likes":"460","dislikes":"9","favourite":"0"},"privacy":{"status":"public","embeddable":true,"license":"youtube"}},"yoast_head":"<!-- This site is optimized with the Yoast SEO plugin v19.6.1 - https:\/\/yoast.com\/wordpress\/plugins\/seo\/ -->\n<title>A mesa farta - a vis\u00e3o da historiadora | Mary Del Priore - instituto cpfl play<\/title>\n<meta name=\"robots\" content=\"index, follow, max-snippet:-1, max-image-preview:large, max-video-preview:-1\" \/>\n<link rel=\"canonical\" href=\"https:\/\/institutocpfl.org.br\/play\/a-mesa-farta-a-visao-da-historiadora-mary-del-priore\/\" \/>\n<meta property=\"og:locale\" content=\"pt_BR\" \/>\n<meta property=\"og:type\" content=\"article\" \/>\n<meta property=\"og:title\" content=\"A mesa farta - a vis\u00e3o da historiadora | Mary Del Priore - instituto cpfl play\" \/>\n<meta property=\"og:description\" content=\"Mil\u00eanios de fome fizeram o homem valorizar o alimento. Mas hoje, em boa parte do mundo, o problema transformou-se no seu contr\u00e1rio. Como conviver com a abund\u00e2ncia? Como lidar com o excesso de comida? Em \u201cA Mesa Farta\u201d, a historiadora Mary Del Priore nos leva para um passeio pela hist\u00f3ria da alimenta\u00e7\u00e3o. Da Idade M\u00e9dia, [&hellip;]\" \/>\n<meta property=\"og:url\" content=\"https:\/\/institutocpfl.org.br\/play\/a-mesa-farta-a-visao-da-historiadora-mary-del-priore\/\" \/>\n<meta property=\"og:site_name\" content=\"instituto cpfl play\" \/>\n<meta property=\"article:published_time\" content=\"2019-11-21T13:00:14+00:00\" \/>\n<meta property=\"article:modified_time\" content=\"2020-06-16T15:55:56+00:00\" \/>\n<meta property=\"og:image\" content=\"https:\/\/institutocpfl.org.br\/play\/wp-content\/uploads\/2020\/06\/posttypevideop5475-youtube-thumbnail.jpg\" \/>\n\t<meta property=\"og:image:width\" content=\"640\" \/>\n\t<meta property=\"og:image:height\" content=\"480\" \/>\n\t<meta property=\"og:image:type\" content=\"image\/jpeg\" \/>\n<meta name=\"author\" content=\"Andre Deak\" \/>\n<meta name=\"twitter:card\" content=\"summary_large_image\" \/>\n<meta name=\"twitter:label1\" content=\"Escrito por\" \/>\n\t<meta name=\"twitter:data1\" content=\"Andre Deak\" \/>\n\t<meta name=\"twitter:label2\" content=\"Est. tempo de leitura\" \/>\n\t<meta name=\"twitter:data2\" content=\"1 minuto\" \/>\n<script type=\"application\/ld+json\" class=\"yoast-schema-graph\">{\"@context\":\"https:\/\/schema.org\",\"@graph\":[{\"@type\":\"Article\",\"@id\":\"https:\/\/institutocpfl.org.br\/play\/a-mesa-farta-a-visao-da-historiadora-mary-del-priore\/#article\",\"isPartOf\":{\"@id\":\"https:\/\/institutocpfl.org.br\/play\/a-mesa-farta-a-visao-da-historiadora-mary-del-priore\/\"},\"author\":{\"name\":\"Andre Deak\",\"@id\":\"https:\/\/institutocpfl.org.br\/play\/#\/schema\/person\/b4c71b5bf04dae27ff07b2e74f55f110\"},\"headline\":\"A mesa farta &#8211; a vis\u00e3o da historiadora | Mary Del Priore\",\"datePublished\":\"2019-11-21T13:00:14+00:00\",\"dateModified\":\"2020-06-16T15:55:56+00:00\",\"mainEntityOfPage\":{\"@id\":\"https:\/\/institutocpfl.org.br\/play\/a-mesa-farta-a-visao-da-historiadora-mary-del-priore\/\"},\"wordCount\":125,\"commentCount\":0,\"publisher\":{\"@id\":\"https:\/\/institutocpfl.org.br\/play\/#organization\"},\"articleSection\":[\"2005\"],\"inLanguage\":\"pt-BR\",\"potentialAction\":[{\"@type\":\"CommentAction\",\"name\":\"Comment\",\"target\":[\"https:\/\/institutocpfl.org.br\/play\/a-mesa-farta-a-visao-da-historiadora-mary-del-priore\/#respond\"]}]},{\"@type\":\"WebPage\",\"@id\":\"https:\/\/institutocpfl.org.br\/play\/a-mesa-farta-a-visao-da-historiadora-mary-del-priore\/\",\"url\":\"https:\/\/institutocpfl.org.br\/play\/a-mesa-farta-a-visao-da-historiadora-mary-del-priore\/\",\"name\":\"A mesa farta - a vis\u00e3o da historiadora | Mary Del Priore - instituto cpfl play\",\"isPartOf\":{\"@id\":\"https:\/\/institutocpfl.org.br\/play\/#website\"},\"datePublished\":\"2019-11-21T13:00:14+00:00\",\"dateModified\":\"2020-06-16T15:55:56+00:00\",\"breadcrumb\":{\"@id\":\"https:\/\/institutocpfl.org.br\/play\/a-mesa-farta-a-visao-da-historiadora-mary-del-priore\/#breadcrumb\"},\"inLanguage\":\"pt-BR\",\"potentialAction\":[{\"@type\":\"ReadAction\",\"target\":[\"https:\/\/institutocpfl.org.br\/play\/a-mesa-farta-a-visao-da-historiadora-mary-del-priore\/\"]}]},{\"@type\":\"BreadcrumbList\",\"@id\":\"https:\/\/institutocpfl.org.br\/play\/a-mesa-farta-a-visao-da-historiadora-mary-del-priore\/#breadcrumb\",\"itemListElement\":[{\"@type\":\"ListItem\",\"position\":1,\"name\":\"A mesa farta &#8211; a vis\u00e3o da historiadora | Mary Del Priore\"}]},{\"@type\":\"WebSite\",\"@id\":\"https:\/\/institutocpfl.org.br\/play\/#website\",\"url\":\"https:\/\/institutocpfl.org.br\/play\/\",\"name\":\"instituto cpfl play\",\"description\":\"programa\u00e7\u00e3o audiovisual\",\"publisher\":{\"@id\":\"https:\/\/institutocpfl.org.br\/play\/#organization\"},\"potentialAction\":[{\"@type\":\"SearchAction\",\"target\":{\"@type\":\"EntryPoint\",\"urlTemplate\":\"https:\/\/institutocpfl.org.br\/play\/?s={search_term_string}\"},\"query-input\":\"required name=search_term_string\"}],\"inLanguage\":\"pt-BR\"},{\"@type\":\"Organization\",\"@id\":\"https:\/\/institutocpfl.org.br\/play\/#organization\",\"name\":\"instituto cpfl play\",\"url\":\"https:\/\/institutocpfl.org.br\/play\/\",\"sameAs\":[],\"logo\":{\"@type\":\"ImageObject\",\"inLanguage\":\"pt-BR\",\"@id\":\"https:\/\/institutocpfl.org.br\/play\/#\/schema\/logo\/image\/\",\"url\":\"https:\/\/institutocpfl.org.br\/play\/wp-content\/uploads\/2017\/11\/logo-cpfl-play__old.png\",\"contentUrl\":\"https:\/\/institutocpfl.org.br\/play\/wp-content\/uploads\/2017\/11\/logo-cpfl-play__old.png\",\"width\":130,\"height\":58,\"caption\":\"instituto cpfl play\"},\"image\":{\"@id\":\"https:\/\/institutocpfl.org.br\/play\/#\/schema\/logo\/image\/\"}},{\"@type\":\"Person\",\"@id\":\"https:\/\/institutocpfl.org.br\/play\/#\/schema\/person\/b4c71b5bf04dae27ff07b2e74f55f110\",\"name\":\"Andre Deak\",\"image\":{\"@type\":\"ImageObject\",\"inLanguage\":\"pt-BR\",\"@id\":\"https:\/\/institutocpfl.org.br\/play\/#\/schema\/person\/image\/\",\"url\":\"https:\/\/secure.gravatar.com\/avatar\/88eff11c4ccd440e79cdf2ec6a2d8e79?s=96&d=mm&r=g\",\"contentUrl\":\"https:\/\/secure.gravatar.com\/avatar\/88eff11c4ccd440e79cdf2ec6a2d8e79?s=96&d=mm&r=g\",\"caption\":\"Andre Deak\"},\"url\":\"https:\/\/institutocpfl.org.br\/play\/author\/andredeak\/\"}]}<\/script>\n<!-- \/ Yoast SEO plugin. -->","yoast_head_json":{"title":"A mesa farta - a vis\u00e3o da historiadora | Mary Del Priore - instituto cpfl play","robots":{"index":"index","follow":"follow","max-snippet":"max-snippet:-1","max-image-preview":"max-image-preview:large","max-video-preview":"max-video-preview:-1"},"canonical":"https:\/\/institutocpfl.org.br\/play\/a-mesa-farta-a-visao-da-historiadora-mary-del-priore\/","og_locale":"pt_BR","og_type":"article","og_title":"A mesa farta - a vis\u00e3o da historiadora | Mary Del Priore - instituto cpfl play","og_description":"Mil\u00eanios de fome fizeram o homem valorizar o alimento. Mas hoje, em boa parte do mundo, o problema transformou-se no seu contr\u00e1rio. Como conviver com a abund\u00e2ncia? Como lidar com o excesso de comida? Em \u201cA Mesa Farta\u201d, a historiadora Mary Del Priore nos leva para um passeio pela hist\u00f3ria da alimenta\u00e7\u00e3o. Da Idade M\u00e9dia, [&hellip;]","og_url":"https:\/\/institutocpfl.org.br\/play\/a-mesa-farta-a-visao-da-historiadora-mary-del-priore\/","og_site_name":"instituto cpfl play","article_published_time":"2019-11-21T13:00:14+00:00","article_modified_time":"2020-06-16T15:55:56+00:00","og_image":[{"width":640,"height":480,"url":"https:\/\/institutocpfl.org.br\/play\/wp-content\/uploads\/2020\/06\/posttypevideop5475-youtube-thumbnail.jpg","type":"image\/jpeg"}],"author":"Andre Deak","twitter_card":"summary_large_image","twitter_misc":{"Escrito por":"Andre Deak","Est. tempo de leitura":"1 minuto"},"schema":{"@context":"https:\/\/schema.org","@graph":[{"@type":"Article","@id":"https:\/\/institutocpfl.org.br\/play\/a-mesa-farta-a-visao-da-historiadora-mary-del-priore\/#article","isPartOf":{"@id":"https:\/\/institutocpfl.org.br\/play\/a-mesa-farta-a-visao-da-historiadora-mary-del-priore\/"},"author":{"name":"Andre Deak","@id":"https:\/\/institutocpfl.org.br\/play\/#\/schema\/person\/b4c71b5bf04dae27ff07b2e74f55f110"},"headline":"A mesa farta &#8211; a vis\u00e3o da historiadora | Mary Del Priore","datePublished":"2019-11-21T13:00:14+00:00","dateModified":"2020-06-16T15:55:56+00:00","mainEntityOfPage":{"@id":"https:\/\/institutocpfl.org.br\/play\/a-mesa-farta-a-visao-da-historiadora-mary-del-priore\/"},"wordCount":125,"commentCount":0,"publisher":{"@id":"https:\/\/institutocpfl.org.br\/play\/#organization"},"articleSection":["2005"],"inLanguage":"pt-BR","potentialAction":[{"@type":"CommentAction","name":"Comment","target":["https:\/\/institutocpfl.org.br\/play\/a-mesa-farta-a-visao-da-historiadora-mary-del-priore\/#respond"]}]},{"@type":"WebPage","@id":"https:\/\/institutocpfl.org.br\/play\/a-mesa-farta-a-visao-da-historiadora-mary-del-priore\/","url":"https:\/\/institutocpfl.org.br\/play\/a-mesa-farta-a-visao-da-historiadora-mary-del-priore\/","name":"A mesa farta - a vis\u00e3o da historiadora | Mary Del Priore - instituto cpfl play","isPartOf":{"@id":"https:\/\/institutocpfl.org.br\/play\/#website"},"datePublished":"2019-11-21T13:00:14+00:00","dateModified":"2020-06-16T15:55:56+00:00","breadcrumb":{"@id":"https:\/\/institutocpfl.org.br\/play\/a-mesa-farta-a-visao-da-historiadora-mary-del-priore\/#breadcrumb"},"inLanguage":"pt-BR","potentialAction":[{"@type":"ReadAction","target":["https:\/\/institutocpfl.org.br\/play\/a-mesa-farta-a-visao-da-historiadora-mary-del-priore\/"]}]},{"@type":"BreadcrumbList","@id":"https:\/\/institutocpfl.org.br\/play\/a-mesa-farta-a-visao-da-historiadora-mary-del-priore\/#breadcrumb","itemListElement":[{"@type":"ListItem","position":1,"name":"A mesa farta &#8211; a vis\u00e3o da historiadora | Mary Del Priore"}]},{"@type":"WebSite","@id":"https:\/\/institutocpfl.org.br\/play\/#website","url":"https:\/\/institutocpfl.org.br\/play\/","name":"instituto cpfl play","description":"programa\u00e7\u00e3o audiovisual","publisher":{"@id":"https:\/\/institutocpfl.org.br\/play\/#organization"},"potentialAction":[{"@type":"SearchAction","target":{"@type":"EntryPoint","urlTemplate":"https:\/\/institutocpfl.org.br\/play\/?s={search_term_string}"},"query-input":"required name=search_term_string"}],"inLanguage":"pt-BR"},{"@type":"Organization","@id":"https:\/\/institutocpfl.org.br\/play\/#organization","name":"instituto cpfl play","url":"https:\/\/institutocpfl.org.br\/play\/","sameAs":[],"logo":{"@type":"ImageObject","inLanguage":"pt-BR","@id":"https:\/\/institutocpfl.org.br\/play\/#\/schema\/logo\/image\/","url":"https:\/\/institutocpfl.org.br\/play\/wp-content\/uploads\/2017\/11\/logo-cpfl-play__old.png","contentUrl":"https:\/\/institutocpfl.org.br\/play\/wp-content\/uploads\/2017\/11\/logo-cpfl-play__old.png","width":130,"height":58,"caption":"instituto cpfl play"},"image":{"@id":"https:\/\/institutocpfl.org.br\/play\/#\/schema\/logo\/image\/"}},{"@type":"Person","@id":"https:\/\/institutocpfl.org.br\/play\/#\/schema\/person\/b4c71b5bf04dae27ff07b2e74f55f110","name":"Andre Deak","image":{"@type":"ImageObject","inLanguage":"pt-BR","@id":"https:\/\/institutocpfl.org.br\/play\/#\/schema\/person\/image\/","url":"https:\/\/secure.gravatar.com\/avatar\/88eff11c4ccd440e79cdf2ec6a2d8e79?s=96&d=mm&r=g","contentUrl":"https:\/\/secure.gravatar.com\/avatar\/88eff11c4ccd440e79cdf2ec6a2d8e79?s=96&d=mm&r=g","caption":"Andre Deak"},"url":"https:\/\/institutocpfl.org.br\/play\/author\/andredeak\/"}]}},"_links":{"self":[{"href":"https:\/\/institutocpfl.org.br\/play\/wp-json\/wp\/v2\/posts\/5475"}],"collection":[{"href":"https:\/\/institutocpfl.org.br\/play\/wp-json\/wp\/v2\/posts"}],"about":[{"href":"https:\/\/institutocpfl.org.br\/play\/wp-json\/wp\/v2\/types\/post"}],"author":[{"embeddable":true,"href":"https:\/\/institutocpfl.org.br\/play\/wp-json\/wp\/v2\/users\/2"}],"replies":[{"embeddable":true,"href":"https:\/\/institutocpfl.org.br\/play\/wp-json\/wp\/v2\/comments?post=5475"}],"version-history":[{"count":3,"href":"https:\/\/institutocpfl.org.br\/play\/wp-json\/wp\/v2\/posts\/5475\/revisions"}],"predecessor-version":[{"id":8690,"href":"https:\/\/institutocpfl.org.br\/play\/wp-json\/wp\/v2\/posts\/5475\/revisions\/8690"}],"wp:featuredmedia":[{"embeddable":true,"href":"https:\/\/institutocpfl.org.br\/play\/wp-json\/wp\/v2\/media\/5476"}],"wp:attachment":[{"href":"https:\/\/institutocpfl.org.br\/play\/wp-json\/wp\/v2\/media?parent=5475"}],"wp:term":[{"taxonomy":"category","embeddable":true,"href":"https:\/\/institutocpfl.org.br\/play\/wp-json\/wp\/v2\/categories?post=5475"},{"taxonomy":"post_tag","embeddable":true,"href":"https:\/\/institutocpfl.org.br\/play\/wp-json\/wp\/v2\/tags?post=5475"}],"curies":[{"name":"wp","href":"https:\/\/api.w.org\/{rel}","templated":true}]}}