{"id":4420,"date":"2019-05-16T18:24:18","date_gmt":"2019-05-16T18:24:18","guid":{"rendered":"https:\/\/institutocpfl.org.br\/play\/?post_type=vimeo-video&#038;p=4420"},"modified":"2019-05-16T16:19:18","modified_gmt":"2019-05-16T19:19:18","slug":"versao-para-tv-budismo-e-modernidade-com-joaquim-monteiro-monge-budista","status":"publish","type":"post","link":"https:\/\/institutocpfl.org.br\/play\/versao-para-tv-budismo-e-modernidade-com-joaquim-monteiro-monge-budista\/","title":{"rendered":"vers\u00e3o para tv | budismo e modernidade com joaquim monteiro, monge budista"},"content":{"rendered":"<p>19\/05 | dom | 22h<br \/>\nbudismo e modernidade<br \/>\ncom joaquim monteiro, monge budista<\/p>\n<p>o monge budista joaquim monteiro, aborda os desafios que a modernidade ocidental apresenta ao budismo, especialmente as quest\u00f5es referentes ao desenvolvimento t\u00e9cnico-cient\u00edfico que dominam, de forma avassaladora, sociedades budistas tradicionais, tais como as do jap\u00e3o, coreia e china.<\/p>\n<p>m\u00f3dulo: ocidente e oriente em di\u00e1logo<br \/>\ncuradoria | antonio florentino neto<br \/>\na partir de 1860, com os movimentos comerciais e diplom\u00e1ticos, pouco a pouco pa\u00edses orientais se apropriam de forma r\u00e1pida e eficaz do legado t\u00e9cnico-te\u00f3rico produzido pelo ocidente. o mundo ocidental, ao contr\u00e1rio, tem ignorado produ\u00e7\u00f5es culturais e o universo intelectual do oriente, at\u00e9 suas transforma\u00e7\u00f5es econ\u00f4micas ocorridas na segunda metade do s\u00e9culo xx, que os lan\u00e7am como personagens decisivos no cen\u00e1rio pol\u00edtico-econ\u00f4mico globalizado.<\/p>\n<p>____________________________________<\/p>\n<p>acompanhe nossas redes sociais:<\/p>\n<p><span style=\"font-weight: 400;\">\u25aa facebook<\/span><\/p>\n<p><span style=\"font-weight: 400;\">instituto cpfl:<\/span><a href=\"http:\/\/facebook.com\/institutocpfl\"> <span style=\"font-weight: 400;\">facebook.com\/institutocpfl<\/span><\/a><\/p>\n<p><span style=\"font-weight: 400;\">caf\u00e9 filos\u00f3fico:<\/span><a href=\"http:\/\/facebook.com\/cafefilosoficocpfl\"> <span style=\"font-weight: 400;\">facebook.com\/cafefilosoficocpfl<\/span><\/a><\/p>\n<p><span style=\"font-weight: 400;\">\u25aa instagram<\/span><\/p>\n<p><span style=\"font-weight: 400;\">instituto cpfl:<\/span><a href=\"http:\/\/instagram.com\/institutocpfl\/\"><span style=\"font-weight: 400;\">instagram.com\/institutocpfl\/<\/span><\/a><\/p>\n<p><span style=\"font-weight: 400;\">\u25aa youtube<\/span><\/p>\n<p><span style=\"font-weight: 400;\">caf\u00e9 filos\u00f3fico:<\/span><a href=\"http:\/\/youtube.com\/cafefilosofico\"> <span style=\"font-weight: 400;\">youtube.com\/cafefilosofico<\/span><\/a><\/p>\n<p><span style=\"font-weight: 400;\">\u25aa twitter<\/span><\/p>\n<p><span style=\"font-weight: 400;\">instituto cpfl:<\/span><a href=\"http:\/\/twitter.com\/institutocpfl\"> <span style=\"font-weight: 400;\">twitter.com\/institutocpfl<\/span><\/a><\/p>\n<p><span style=\"font-weight: 400;\">caf\u00e9 filos\u00f3fico:<\/span><a href=\"http:\/\/twitter.com\/cafe_filosofico\"> <span style=\"font-weight: 400;\">twitter.com\/cafe_filosofico<\/span><\/a><\/p>\n<p><span style=\"font-weight: 400;\">\u25aa aplicativo instituto cpfl play<\/span><\/p>\n<p><span style=\"font-weight: 400;\">android:<\/span><a href=\"http:\/\/play.google.com\/store\/apps\/details?id=br.com.cpflcultura.videos&amp;hl=pt\"> <span style=\"font-weight: 400;\">play.google.com\/store\/apps\/details?id=br.com.cpflcultura.videos&amp;hl=pt<\/span><\/a><\/p>\n<p><span style=\"font-weight: 400;\">iOS:<\/span><a href=\"http:\/\/itunes.apple.com\/br\/app\/instituto-cpfl\/id1080152251?mt=8\"> <span style=\"font-weight: 400;\">itunes.apple.com\/br\/app\/instituto-cpfl\/id1080152251?mt=8<\/span><\/a><\/p>\n","protected":false},"excerpt":{"rendered":"<p>19\/05 | dom | 22h budismo e modernidade com joaquim monteiro, monge budista o monge budista joaquim monteiro, aborda os desafios que a modernidade ocidental apresenta ao budismo, especialmente as quest\u00f5es referentes ao desenvolvimento t\u00e9cnico-cient\u00edfico que dominam, de forma avassaladora, sociedades budistas tradicionais, tais como as do jap\u00e3o, coreia e china. m\u00f3dulo: ocidente e oriente [&hellip;]<\/p>\n","protected":false},"author":2,"featured_media":4422,"comment_status":"open","ping_status":"open","sticky":false,"template":"","format":"quote","meta":{"footnotes":""},"categories":[768,273],"tags":[839,238,797,83,141,794,4,7,798,792,841,840,822,823,796,842,795,71,740,799],"youtube_video":null,"yoast_head":"<!-- This site is optimized with the Yoast SEO plugin v19.6.1 - https:\/\/yoast.com\/wordpress\/plugins\/seo\/ -->\n<title>vers\u00e3o para tv | budismo e modernidade com joaquim monteiro, monge budista - instituto cpfl play<\/title>\n<meta name=\"robots\" content=\"index, follow, max-snippet:-1, max-image-preview:large, max-video-preview:-1\" \/>\n<link rel=\"canonical\" href=\"https:\/\/institutocpfl.org.br\/play\/versao-para-tv-budismo-e-modernidade-com-joaquim-monteiro-monge-budista\/\" \/>\n<meta property=\"og:locale\" content=\"pt_BR\" \/>\n<meta property=\"og:type\" content=\"article\" \/>\n<meta property=\"og:title\" content=\"vers\u00e3o para tv | budismo e modernidade com joaquim monteiro, monge budista - instituto cpfl play\" \/>\n<meta property=\"og:description\" content=\"19\/05 | dom | 22h budismo e modernidade com joaquim monteiro, monge budista o monge budista joaquim monteiro, aborda os desafios que a modernidade ocidental apresenta ao budismo, especialmente as quest\u00f5es referentes ao desenvolvimento t\u00e9cnico-cient\u00edfico que dominam, de forma avassaladora, sociedades budistas tradicionais, tais como as do jap\u00e3o, coreia e china. m\u00f3dulo: ocidente e oriente [&hellip;]\" \/>\n<meta property=\"og:url\" content=\"https:\/\/institutocpfl.org.br\/play\/versao-para-tv-budismo-e-modernidade-com-joaquim-monteiro-monge-budista\/\" \/>\n<meta property=\"og:site_name\" content=\"instituto cpfl play\" \/>\n<meta property=\"article:published_time\" content=\"2019-05-16T18:24:18+00:00\" \/>\n<meta property=\"article:modified_time\" content=\"2019-05-16T19:19:18+00:00\" \/>\n<meta property=\"og:image\" content=\"https:\/\/institutocpfl.org.br\/play\/wp-content\/uploads\/2019\/05\/p4420-vimeo-thumbnail.jpg\" \/>\n\t<meta property=\"og:image:width\" content=\"1920\" \/>\n\t<meta property=\"og:image:height\" content=\"1280\" \/>\n\t<meta property=\"og:image:type\" content=\"image\/jpeg\" \/>\n<meta name=\"author\" content=\"Andre Deak\" \/>\n<meta name=\"twitter:card\" content=\"summary_large_image\" \/>\n<meta name=\"twitter:label1\" content=\"Escrito por\" \/>\n\t<meta name=\"twitter:data1\" content=\"Andre Deak\" \/>\n\t<meta name=\"twitter:label2\" content=\"Est. tempo de leitura\" \/>\n\t<meta name=\"twitter:data2\" content=\"1 minuto\" \/>\n<script type=\"application\/ld+json\" class=\"yoast-schema-graph\">{\"@context\":\"https:\/\/schema.org\",\"@graph\":[{\"@type\":\"Article\",\"@id\":\"https:\/\/institutocpfl.org.br\/play\/versao-para-tv-budismo-e-modernidade-com-joaquim-monteiro-monge-budista\/#article\",\"isPartOf\":{\"@id\":\"https:\/\/institutocpfl.org.br\/play\/versao-para-tv-budismo-e-modernidade-com-joaquim-monteiro-monge-budista\/\"},\"author\":{\"name\":\"Andre Deak\",\"@id\":\"https:\/\/institutocpfl.org.br\/play\/#\/schema\/person\/b4c71b5bf04dae27ff07b2e74f55f110\"},\"headline\":\"vers\u00e3o para tv | budismo e modernidade com joaquim monteiro, monge budista\",\"datePublished\":\"2019-05-16T18:24:18+00:00\",\"dateModified\":\"2019-05-16T19:19:18+00:00\",\"mainEntityOfPage\":{\"@id\":\"https:\/\/institutocpfl.org.br\/play\/versao-para-tv-budismo-e-modernidade-com-joaquim-monteiro-monge-budista\/\"},\"wordCount\":223,\"commentCount\":0,\"publisher\":{\"@id\":\"https:\/\/institutocpfl.org.br\/play\/#organization\"},\"keywords\":[\"budismo\",\"caf\u00e9 filos\u00f3fico\",\"conhecimento\",\"cpfl\",\"cultura\",\"debate\",\"educa\u00e7\u00e3o\",\"filosofia\",\"grava\u00e7\u00e3o\",\"institutocpfl\",\"modernidade\",\"monge\",\"ocidente\",\"oriente\",\"palestra\",\"produ\u00e7\u00f5es\",\"reflex\u00e3o\",\"religi\u00e3o\",\"sociologia\",\"tv\"],\"articleSection\":[\"2019\",\"na tv\"],\"inLanguage\":\"pt-BR\",\"potentialAction\":[{\"@type\":\"CommentAction\",\"name\":\"Comment\",\"target\":[\"https:\/\/institutocpfl.org.br\/play\/versao-para-tv-budismo-e-modernidade-com-joaquim-monteiro-monge-budista\/#respond\"]}]},{\"@type\":\"WebPage\",\"@id\":\"https:\/\/institutocpfl.org.br\/play\/versao-para-tv-budismo-e-modernidade-com-joaquim-monteiro-monge-budista\/\",\"url\":\"https:\/\/institutocpfl.org.br\/play\/versao-para-tv-budismo-e-modernidade-com-joaquim-monteiro-monge-budista\/\",\"name\":\"vers\u00e3o para tv | budismo e modernidade com joaquim monteiro, monge budista - instituto cpfl play\",\"isPartOf\":{\"@id\":\"https:\/\/institutocpfl.org.br\/play\/#website\"},\"datePublished\":\"2019-05-16T18:24:18+00:00\",\"dateModified\":\"2019-05-16T19:19:18+00:00\",\"breadcrumb\":{\"@id\":\"https:\/\/institutocpfl.org.br\/play\/versao-para-tv-budismo-e-modernidade-com-joaquim-monteiro-monge-budista\/#breadcrumb\"},\"inLanguage\":\"pt-BR\",\"potentialAction\":[{\"@type\":\"ReadAction\",\"target\":[\"https:\/\/institutocpfl.org.br\/play\/versao-para-tv-budismo-e-modernidade-com-joaquim-monteiro-monge-budista\/\"]}]},{\"@type\":\"BreadcrumbList\",\"@id\":\"https:\/\/institutocpfl.org.br\/play\/versao-para-tv-budismo-e-modernidade-com-joaquim-monteiro-monge-budista\/#breadcrumb\",\"itemListElement\":[{\"@type\":\"ListItem\",\"position\":1,\"name\":\"vers\u00e3o para tv | budismo e modernidade com joaquim monteiro, monge budista\"}]},{\"@type\":\"WebSite\",\"@id\":\"https:\/\/institutocpfl.org.br\/play\/#website\",\"url\":\"https:\/\/institutocpfl.org.br\/play\/\",\"name\":\"instituto cpfl play\",\"description\":\"programa\u00e7\u00e3o audiovisual\",\"publisher\":{\"@id\":\"https:\/\/institutocpfl.org.br\/play\/#organization\"},\"potentialAction\":[{\"@type\":\"SearchAction\",\"target\":{\"@type\":\"EntryPoint\",\"urlTemplate\":\"https:\/\/institutocpfl.org.br\/play\/?s={search_term_string}\"},\"query-input\":\"required name=search_term_string\"}],\"inLanguage\":\"pt-BR\"},{\"@type\":\"Organization\",\"@id\":\"https:\/\/institutocpfl.org.br\/play\/#organization\",\"name\":\"instituto cpfl play\",\"url\":\"https:\/\/institutocpfl.org.br\/play\/\",\"sameAs\":[],\"logo\":{\"@type\":\"ImageObject\",\"inLanguage\":\"pt-BR\",\"@id\":\"https:\/\/institutocpfl.org.br\/play\/#\/schema\/logo\/image\/\",\"url\":\"https:\/\/institutocpfl.org.br\/play\/wp-content\/uploads\/2017\/11\/logo-cpfl-play__old.png\",\"contentUrl\":\"https:\/\/institutocpfl.org.br\/play\/wp-content\/uploads\/2017\/11\/logo-cpfl-play__old.png\",\"width\":130,\"height\":58,\"caption\":\"instituto cpfl play\"},\"image\":{\"@id\":\"https:\/\/institutocpfl.org.br\/play\/#\/schema\/logo\/image\/\"}},{\"@type\":\"Person\",\"@id\":\"https:\/\/institutocpfl.org.br\/play\/#\/schema\/person\/b4c71b5bf04dae27ff07b2e74f55f110\",\"name\":\"Andre Deak\",\"image\":{\"@type\":\"ImageObject\",\"inLanguage\":\"pt-BR\",\"@id\":\"https:\/\/institutocpfl.org.br\/play\/#\/schema\/person\/image\/\",\"url\":\"https:\/\/secure.gravatar.com\/avatar\/88eff11c4ccd440e79cdf2ec6a2d8e79?s=96&d=mm&r=g\",\"contentUrl\":\"https:\/\/secure.gravatar.com\/avatar\/88eff11c4ccd440e79cdf2ec6a2d8e79?s=96&d=mm&r=g\",\"caption\":\"Andre Deak\"},\"url\":\"https:\/\/institutocpfl.org.br\/play\/author\/andredeak\/\"}]}<\/script>\n<!-- \/ Yoast SEO plugin. -->","yoast_head_json":{"title":"vers\u00e3o para tv | budismo e modernidade com joaquim monteiro, monge budista - instituto cpfl play","robots":{"index":"index","follow":"follow","max-snippet":"max-snippet:-1","max-image-preview":"max-image-preview:large","max-video-preview":"max-video-preview:-1"},"canonical":"https:\/\/institutocpfl.org.br\/play\/versao-para-tv-budismo-e-modernidade-com-joaquim-monteiro-monge-budista\/","og_locale":"pt_BR","og_type":"article","og_title":"vers\u00e3o para tv | budismo e modernidade com joaquim monteiro, monge budista - instituto cpfl play","og_description":"19\/05 | dom | 22h budismo e modernidade com joaquim monteiro, monge budista o monge budista joaquim monteiro, aborda os desafios que a modernidade ocidental apresenta ao budismo, especialmente as quest\u00f5es referentes ao desenvolvimento t\u00e9cnico-cient\u00edfico que dominam, de forma avassaladora, sociedades budistas tradicionais, tais como as do jap\u00e3o, coreia e china. m\u00f3dulo: ocidente e oriente [&hellip;]","og_url":"https:\/\/institutocpfl.org.br\/play\/versao-para-tv-budismo-e-modernidade-com-joaquim-monteiro-monge-budista\/","og_site_name":"instituto cpfl play","article_published_time":"2019-05-16T18:24:18+00:00","article_modified_time":"2019-05-16T19:19:18+00:00","og_image":[{"width":1920,"height":1280,"url":"https:\/\/institutocpfl.org.br\/play\/wp-content\/uploads\/2019\/05\/p4420-vimeo-thumbnail.jpg","type":"image\/jpeg"}],"author":"Andre Deak","twitter_card":"summary_large_image","twitter_misc":{"Escrito por":"Andre Deak","Est. tempo de leitura":"1 minuto"},"schema":{"@context":"https:\/\/schema.org","@graph":[{"@type":"Article","@id":"https:\/\/institutocpfl.org.br\/play\/versao-para-tv-budismo-e-modernidade-com-joaquim-monteiro-monge-budista\/#article","isPartOf":{"@id":"https:\/\/institutocpfl.org.br\/play\/versao-para-tv-budismo-e-modernidade-com-joaquim-monteiro-monge-budista\/"},"author":{"name":"Andre Deak","@id":"https:\/\/institutocpfl.org.br\/play\/#\/schema\/person\/b4c71b5bf04dae27ff07b2e74f55f110"},"headline":"vers\u00e3o para tv | budismo e modernidade com joaquim monteiro, monge budista","datePublished":"2019-05-16T18:24:18+00:00","dateModified":"2019-05-16T19:19:18+00:00","mainEntityOfPage":{"@id":"https:\/\/institutocpfl.org.br\/play\/versao-para-tv-budismo-e-modernidade-com-joaquim-monteiro-monge-budista\/"},"wordCount":223,"commentCount":0,"publisher":{"@id":"https:\/\/institutocpfl.org.br\/play\/#organization"},"keywords":["budismo","caf\u00e9 filos\u00f3fico","conhecimento","cpfl","cultura","debate","educa\u00e7\u00e3o","filosofia","grava\u00e7\u00e3o","institutocpfl","modernidade","monge","ocidente","oriente","palestra","produ\u00e7\u00f5es","reflex\u00e3o","religi\u00e3o","sociologia","tv"],"articleSection":["2019","na tv"],"inLanguage":"pt-BR","potentialAction":[{"@type":"CommentAction","name":"Comment","target":["https:\/\/institutocpfl.org.br\/play\/versao-para-tv-budismo-e-modernidade-com-joaquim-monteiro-monge-budista\/#respond"]}]},{"@type":"WebPage","@id":"https:\/\/institutocpfl.org.br\/play\/versao-para-tv-budismo-e-modernidade-com-joaquim-monteiro-monge-budista\/","url":"https:\/\/institutocpfl.org.br\/play\/versao-para-tv-budismo-e-modernidade-com-joaquim-monteiro-monge-budista\/","name":"vers\u00e3o para tv | budismo e modernidade com joaquim monteiro, monge budista - instituto cpfl play","isPartOf":{"@id":"https:\/\/institutocpfl.org.br\/play\/#website"},"datePublished":"2019-05-16T18:24:18+00:00","dateModified":"2019-05-16T19:19:18+00:00","breadcrumb":{"@id":"https:\/\/institutocpfl.org.br\/play\/versao-para-tv-budismo-e-modernidade-com-joaquim-monteiro-monge-budista\/#breadcrumb"},"inLanguage":"pt-BR","potentialAction":[{"@type":"ReadAction","target":["https:\/\/institutocpfl.org.br\/play\/versao-para-tv-budismo-e-modernidade-com-joaquim-monteiro-monge-budista\/"]}]},{"@type":"BreadcrumbList","@id":"https:\/\/institutocpfl.org.br\/play\/versao-para-tv-budismo-e-modernidade-com-joaquim-monteiro-monge-budista\/#breadcrumb","itemListElement":[{"@type":"ListItem","position":1,"name":"vers\u00e3o para tv | budismo e modernidade com joaquim monteiro, monge budista"}]},{"@type":"WebSite","@id":"https:\/\/institutocpfl.org.br\/play\/#website","url":"https:\/\/institutocpfl.org.br\/play\/","name":"instituto cpfl play","description":"programa\u00e7\u00e3o audiovisual","publisher":{"@id":"https:\/\/institutocpfl.org.br\/play\/#organization"},"potentialAction":[{"@type":"SearchAction","target":{"@type":"EntryPoint","urlTemplate":"https:\/\/institutocpfl.org.br\/play\/?s={search_term_string}"},"query-input":"required name=search_term_string"}],"inLanguage":"pt-BR"},{"@type":"Organization","@id":"https:\/\/institutocpfl.org.br\/play\/#organization","name":"instituto cpfl play","url":"https:\/\/institutocpfl.org.br\/play\/","sameAs":[],"logo":{"@type":"ImageObject","inLanguage":"pt-BR","@id":"https:\/\/institutocpfl.org.br\/play\/#\/schema\/logo\/image\/","url":"https:\/\/institutocpfl.org.br\/play\/wp-content\/uploads\/2017\/11\/logo-cpfl-play__old.png","contentUrl":"https:\/\/institutocpfl.org.br\/play\/wp-content\/uploads\/2017\/11\/logo-cpfl-play__old.png","width":130,"height":58,"caption":"instituto cpfl play"},"image":{"@id":"https:\/\/institutocpfl.org.br\/play\/#\/schema\/logo\/image\/"}},{"@type":"Person","@id":"https:\/\/institutocpfl.org.br\/play\/#\/schema\/person\/b4c71b5bf04dae27ff07b2e74f55f110","name":"Andre Deak","image":{"@type":"ImageObject","inLanguage":"pt-BR","@id":"https:\/\/institutocpfl.org.br\/play\/#\/schema\/person\/image\/","url":"https:\/\/secure.gravatar.com\/avatar\/88eff11c4ccd440e79cdf2ec6a2d8e79?s=96&d=mm&r=g","contentUrl":"https:\/\/secure.gravatar.com\/avatar\/88eff11c4ccd440e79cdf2ec6a2d8e79?s=96&d=mm&r=g","caption":"Andre Deak"},"url":"https:\/\/institutocpfl.org.br\/play\/author\/andredeak\/"}]}},"_links":{"self":[{"href":"https:\/\/institutocpfl.org.br\/play\/wp-json\/wp\/v2\/posts\/4420"}],"collection":[{"href":"https:\/\/institutocpfl.org.br\/play\/wp-json\/wp\/v2\/posts"}],"about":[{"href":"https:\/\/institutocpfl.org.br\/play\/wp-json\/wp\/v2\/types\/post"}],"author":[{"embeddable":true,"href":"https:\/\/institutocpfl.org.br\/play\/wp-json\/wp\/v2\/users\/2"}],"replies":[{"embeddable":true,"href":"https:\/\/institutocpfl.org.br\/play\/wp-json\/wp\/v2\/comments?post=4420"}],"version-history":[{"count":2,"href":"https:\/\/institutocpfl.org.br\/play\/wp-json\/wp\/v2\/posts\/4420\/revisions"}],"predecessor-version":[{"id":4423,"href":"https:\/\/institutocpfl.org.br\/play\/wp-json\/wp\/v2\/posts\/4420\/revisions\/4423"}],"wp:featuredmedia":[{"embeddable":true,"href":"https:\/\/institutocpfl.org.br\/play\/wp-json\/wp\/v2\/media\/4422"}],"wp:attachment":[{"href":"https:\/\/institutocpfl.org.br\/play\/wp-json\/wp\/v2\/media?parent=4420"}],"wp:term":[{"taxonomy":"category","embeddable":true,"href":"https:\/\/institutocpfl.org.br\/play\/wp-json\/wp\/v2\/categories?post=4420"},{"taxonomy":"post_tag","embeddable":true,"href":"https:\/\/institutocpfl.org.br\/play\/wp-json\/wp\/v2\/tags?post=4420"}],"curies":[{"name":"wp","href":"https:\/\/api.w.org\/{rel}","templated":true}]}}