{"id":254,"date":"2016-08-16T15:22:33","date_gmt":"2016-08-16T18:22:33","guid":{"rendered":"https:\/\/institutocpfl.org.br\/play\/o-que-importa-e-saber-o-que-importa-a-era-da-curadoria-com-mario-sergio-cortella\/"},"modified":"2019-06-05T18:21:04","modified_gmt":"2019-06-05T21:21:04","slug":"o-que-importa-e-saber-o-que-importa-a-era-da-curadoria-com-mario-sergio-cortella","status":"publish","type":"post","link":"https:\/\/institutocpfl.org.br\/play\/o-que-importa-e-saber-o-que-importa-a-era-da-curadoria-com-mario-sergio-cortella\/","title":{"rendered":"vers\u00e3o para tv | o que importa \u00e9 saber o que importa: era da curadoria, com mario s\u00e9rgio cortella"},"content":{"rendered":"<p>hoje em dia temos acesso a todo tipo de informa\u00e7\u00e3o e com enorme rapidez; sem nos darmos tempo de entender se  toda essa informa\u00e7\u00e3o nos \u00e9 \u00fatil ou n\u00e3o.  e mais, corremos o risco de ficar perdidos em assuntos que n\u00e3o importam ou confiar em fontes n\u00e3o confi\u00e1veis. num momento em que todos podem ser leitores e autores, como selecionar no meio do caos aquilo que tem relev\u00e2ncia e credibilidade?<\/p>\n<p>quantidade de informa\u00e7\u00e3o n\u00e3o nos torna mais s\u00e1bios nem aumenta nosso conhecimento. \u00e9 preciso saber selecionar a informa\u00e7\u00e3o que faz sentido para cada um de n\u00f3s, pois o que importa \u00e9 saber o que importa. por isso, a curadoria \u00e9 fundamental, no seu papel de ajudar na constru\u00e7\u00e3o de crit\u00e9rios de sele\u00e7\u00e3o. \u00e9 o que nos mostra o fil\u00f3sofo mario sergio cortella.<\/p>\n","protected":false},"excerpt":{"rendered":"<p>hoje em dia temos acesso a todo tipo de informa\u00e7\u00e3o e com enorme rapidez; sem nos darmos tempo de entender se toda essa informa\u00e7\u00e3o nos \u00e9 \u00fatil ou n\u00e3o. e mais, corremos o risco de ficar perdidos em assuntos que n\u00e3o importam ou confiar em fontes n\u00e3o confi\u00e1veis. num momento em que todos podem ser [&hellip;]<\/p>\n","protected":false},"author":1,"featured_media":255,"comment_status":"open","ping_status":"open","sticky":false,"template":"","format":"quote","meta":{"footnotes":""},"categories":[273,1],"tags":[43,4,7],"youtube_video":null,"yoast_head":"<!-- This site is optimized with the Yoast SEO plugin v19.6.1 - https:\/\/yoast.com\/wordpress\/plugins\/seo\/ -->\n<title>vers\u00e3o para tv | o que importa \u00e9 saber o que importa: era da curadoria, com mario s\u00e9rgio cortella - instituto cpfl play<\/title>\n<meta name=\"robots\" content=\"index, follow, max-snippet:-1, max-image-preview:large, max-video-preview:-1\" \/>\n<link rel=\"canonical\" href=\"https:\/\/institutocpfl.org.br\/play\/o-que-importa-e-saber-o-que-importa-a-era-da-curadoria-com-mario-sergio-cortella\/\" \/>\n<meta property=\"og:locale\" content=\"pt_BR\" \/>\n<meta property=\"og:type\" content=\"article\" \/>\n<meta property=\"og:title\" content=\"vers\u00e3o para tv | o que importa \u00e9 saber o que importa: era da curadoria, com mario s\u00e9rgio cortella - instituto cpfl play\" \/>\n<meta property=\"og:description\" content=\"hoje em dia temos acesso a todo tipo de informa\u00e7\u00e3o e com enorme rapidez; sem nos darmos tempo de entender se toda essa informa\u00e7\u00e3o nos \u00e9 \u00fatil ou n\u00e3o. e mais, corremos o risco de ficar perdidos em assuntos que n\u00e3o importam ou confiar em fontes n\u00e3o confi\u00e1veis. num momento em que todos podem ser [&hellip;]\" \/>\n<meta property=\"og:url\" content=\"https:\/\/institutocpfl.org.br\/play\/o-que-importa-e-saber-o-que-importa-a-era-da-curadoria-com-mario-sergio-cortella\/\" \/>\n<meta property=\"og:site_name\" content=\"instituto cpfl play\" \/>\n<meta property=\"article:published_time\" content=\"2016-08-16T18:22:33+00:00\" \/>\n<meta property=\"article:modified_time\" content=\"2019-06-05T21:21:04+00:00\" \/>\n<meta property=\"og:image\" content=\"https:\/\/institutocpfl.org.br\/play\/wp-content\/uploads\/2017\/10\/o-que-importa-e-saber-o-que-importa-a-era-da-curadoria-com-mario-sergio-cortella-vimeo-thumbnail.jpg\" \/>\n\t<meta property=\"og:image:width\" content=\"1280\" \/>\n\t<meta property=\"og:image:height\" content=\"720\" \/>\n\t<meta property=\"og:image:type\" content=\"image\/jpeg\" \/>\n<meta name=\"author\" content=\"brunoazevedo\" \/>\n<meta name=\"twitter:card\" content=\"summary_large_image\" \/>\n<meta name=\"twitter:label1\" content=\"Escrito por\" \/>\n\t<meta name=\"twitter:data1\" content=\"brunoazevedo\" \/>\n\t<meta name=\"twitter:label2\" content=\"Est. tempo de leitura\" \/>\n\t<meta name=\"twitter:data2\" content=\"1 minuto\" \/>\n<script type=\"application\/ld+json\" class=\"yoast-schema-graph\">{\"@context\":\"https:\/\/schema.org\",\"@graph\":[{\"@type\":\"Article\",\"@id\":\"https:\/\/institutocpfl.org.br\/play\/o-que-importa-e-saber-o-que-importa-a-era-da-curadoria-com-mario-sergio-cortella\/#article\",\"isPartOf\":{\"@id\":\"https:\/\/institutocpfl.org.br\/play\/o-que-importa-e-saber-o-que-importa-a-era-da-curadoria-com-mario-sergio-cortella\/\"},\"author\":{\"name\":\"brunoazevedo\",\"@id\":\"https:\/\/institutocpfl.org.br\/play\/#\/schema\/person\/5e05f868ce51ddec6c13ff875df83920\"},\"headline\":\"vers\u00e3o para tv | o que importa \u00e9 saber o que importa: era da curadoria, com mario s\u00e9rgio cortella\",\"datePublished\":\"2016-08-16T18:22:33+00:00\",\"dateModified\":\"2019-06-05T21:21:04+00:00\",\"mainEntityOfPage\":{\"@id\":\"https:\/\/institutocpfl.org.br\/play\/o-que-importa-e-saber-o-que-importa-a-era-da-curadoria-com-mario-sergio-cortella\/\"},\"wordCount\":162,\"commentCount\":0,\"publisher\":{\"@id\":\"https:\/\/institutocpfl.org.br\/play\/#organization\"},\"keywords\":[\"ci\u00eancia\",\"educa\u00e7\u00e3o\",\"filosofia\"],\"articleSection\":[\"na tv\"],\"inLanguage\":\"pt-BR\",\"potentialAction\":[{\"@type\":\"CommentAction\",\"name\":\"Comment\",\"target\":[\"https:\/\/institutocpfl.org.br\/play\/o-que-importa-e-saber-o-que-importa-a-era-da-curadoria-com-mario-sergio-cortella\/#respond\"]}]},{\"@type\":\"WebPage\",\"@id\":\"https:\/\/institutocpfl.org.br\/play\/o-que-importa-e-saber-o-que-importa-a-era-da-curadoria-com-mario-sergio-cortella\/\",\"url\":\"https:\/\/institutocpfl.org.br\/play\/o-que-importa-e-saber-o-que-importa-a-era-da-curadoria-com-mario-sergio-cortella\/\",\"name\":\"vers\u00e3o para tv | o que importa \u00e9 saber o que importa: era da curadoria, com mario s\u00e9rgio cortella - instituto cpfl play\",\"isPartOf\":{\"@id\":\"https:\/\/institutocpfl.org.br\/play\/#website\"},\"datePublished\":\"2016-08-16T18:22:33+00:00\",\"dateModified\":\"2019-06-05T21:21:04+00:00\",\"breadcrumb\":{\"@id\":\"https:\/\/institutocpfl.org.br\/play\/o-que-importa-e-saber-o-que-importa-a-era-da-curadoria-com-mario-sergio-cortella\/#breadcrumb\"},\"inLanguage\":\"pt-BR\",\"potentialAction\":[{\"@type\":\"ReadAction\",\"target\":[\"https:\/\/institutocpfl.org.br\/play\/o-que-importa-e-saber-o-que-importa-a-era-da-curadoria-com-mario-sergio-cortella\/\"]}]},{\"@type\":\"BreadcrumbList\",\"@id\":\"https:\/\/institutocpfl.org.br\/play\/o-que-importa-e-saber-o-que-importa-a-era-da-curadoria-com-mario-sergio-cortella\/#breadcrumb\",\"itemListElement\":[{\"@type\":\"ListItem\",\"position\":1,\"name\":\"vers\u00e3o para tv | o que importa \u00e9 saber o que importa: era da curadoria, com mario s\u00e9rgio cortella\"}]},{\"@type\":\"WebSite\",\"@id\":\"https:\/\/institutocpfl.org.br\/play\/#website\",\"url\":\"https:\/\/institutocpfl.org.br\/play\/\",\"name\":\"instituto cpfl play\",\"description\":\"programa\u00e7\u00e3o audiovisual\",\"publisher\":{\"@id\":\"https:\/\/institutocpfl.org.br\/play\/#organization\"},\"potentialAction\":[{\"@type\":\"SearchAction\",\"target\":{\"@type\":\"EntryPoint\",\"urlTemplate\":\"https:\/\/institutocpfl.org.br\/play\/?s={search_term_string}\"},\"query-input\":\"required name=search_term_string\"}],\"inLanguage\":\"pt-BR\"},{\"@type\":\"Organization\",\"@id\":\"https:\/\/institutocpfl.org.br\/play\/#organization\",\"name\":\"instituto cpfl play\",\"url\":\"https:\/\/institutocpfl.org.br\/play\/\",\"sameAs\":[],\"logo\":{\"@type\":\"ImageObject\",\"inLanguage\":\"pt-BR\",\"@id\":\"https:\/\/institutocpfl.org.br\/play\/#\/schema\/logo\/image\/\",\"url\":\"https:\/\/institutocpfl.org.br\/play\/wp-content\/uploads\/2017\/11\/logo-cpfl-play__old.png\",\"contentUrl\":\"https:\/\/institutocpfl.org.br\/play\/wp-content\/uploads\/2017\/11\/logo-cpfl-play__old.png\",\"width\":130,\"height\":58,\"caption\":\"instituto cpfl play\"},\"image\":{\"@id\":\"https:\/\/institutocpfl.org.br\/play\/#\/schema\/logo\/image\/\"}},{\"@type\":\"Person\",\"@id\":\"https:\/\/institutocpfl.org.br\/play\/#\/schema\/person\/5e05f868ce51ddec6c13ff875df83920\",\"name\":\"brunoazevedo\",\"image\":{\"@type\":\"ImageObject\",\"inLanguage\":\"pt-BR\",\"@id\":\"https:\/\/institutocpfl.org.br\/play\/#\/schema\/person\/image\/\",\"url\":\"https:\/\/secure.gravatar.com\/avatar\/3b0c5412e27e086f96981109a1bc70f3?s=96&d=mm&r=g\",\"contentUrl\":\"https:\/\/secure.gravatar.com\/avatar\/3b0c5412e27e086f96981109a1bc70f3?s=96&d=mm&r=g\",\"caption\":\"brunoazevedo\"},\"url\":\"https:\/\/institutocpfl.org.br\/play\/author\/brunoazevedo\/\"}]}<\/script>\n<!-- \/ Yoast SEO plugin. -->","yoast_head_json":{"title":"vers\u00e3o para tv | o que importa \u00e9 saber o que importa: era da curadoria, com mario s\u00e9rgio cortella - instituto cpfl play","robots":{"index":"index","follow":"follow","max-snippet":"max-snippet:-1","max-image-preview":"max-image-preview:large","max-video-preview":"max-video-preview:-1"},"canonical":"https:\/\/institutocpfl.org.br\/play\/o-que-importa-e-saber-o-que-importa-a-era-da-curadoria-com-mario-sergio-cortella\/","og_locale":"pt_BR","og_type":"article","og_title":"vers\u00e3o para tv | o que importa \u00e9 saber o que importa: era da curadoria, com mario s\u00e9rgio cortella - instituto cpfl play","og_description":"hoje em dia temos acesso a todo tipo de informa\u00e7\u00e3o e com enorme rapidez; sem nos darmos tempo de entender se toda essa informa\u00e7\u00e3o nos \u00e9 \u00fatil ou n\u00e3o. e mais, corremos o risco de ficar perdidos em assuntos que n\u00e3o importam ou confiar em fontes n\u00e3o confi\u00e1veis. num momento em que todos podem ser [&hellip;]","og_url":"https:\/\/institutocpfl.org.br\/play\/o-que-importa-e-saber-o-que-importa-a-era-da-curadoria-com-mario-sergio-cortella\/","og_site_name":"instituto cpfl play","article_published_time":"2016-08-16T18:22:33+00:00","article_modified_time":"2019-06-05T21:21:04+00:00","og_image":[{"width":1280,"height":720,"url":"https:\/\/institutocpfl.org.br\/play\/wp-content\/uploads\/2017\/10\/o-que-importa-e-saber-o-que-importa-a-era-da-curadoria-com-mario-sergio-cortella-vimeo-thumbnail.jpg","type":"image\/jpeg"}],"author":"brunoazevedo","twitter_card":"summary_large_image","twitter_misc":{"Escrito por":"brunoazevedo","Est. tempo de leitura":"1 minuto"},"schema":{"@context":"https:\/\/schema.org","@graph":[{"@type":"Article","@id":"https:\/\/institutocpfl.org.br\/play\/o-que-importa-e-saber-o-que-importa-a-era-da-curadoria-com-mario-sergio-cortella\/#article","isPartOf":{"@id":"https:\/\/institutocpfl.org.br\/play\/o-que-importa-e-saber-o-que-importa-a-era-da-curadoria-com-mario-sergio-cortella\/"},"author":{"name":"brunoazevedo","@id":"https:\/\/institutocpfl.org.br\/play\/#\/schema\/person\/5e05f868ce51ddec6c13ff875df83920"},"headline":"vers\u00e3o para tv | o que importa \u00e9 saber o que importa: era da curadoria, com mario s\u00e9rgio cortella","datePublished":"2016-08-16T18:22:33+00:00","dateModified":"2019-06-05T21:21:04+00:00","mainEntityOfPage":{"@id":"https:\/\/institutocpfl.org.br\/play\/o-que-importa-e-saber-o-que-importa-a-era-da-curadoria-com-mario-sergio-cortella\/"},"wordCount":162,"commentCount":0,"publisher":{"@id":"https:\/\/institutocpfl.org.br\/play\/#organization"},"keywords":["ci\u00eancia","educa\u00e7\u00e3o","filosofia"],"articleSection":["na tv"],"inLanguage":"pt-BR","potentialAction":[{"@type":"CommentAction","name":"Comment","target":["https:\/\/institutocpfl.org.br\/play\/o-que-importa-e-saber-o-que-importa-a-era-da-curadoria-com-mario-sergio-cortella\/#respond"]}]},{"@type":"WebPage","@id":"https:\/\/institutocpfl.org.br\/play\/o-que-importa-e-saber-o-que-importa-a-era-da-curadoria-com-mario-sergio-cortella\/","url":"https:\/\/institutocpfl.org.br\/play\/o-que-importa-e-saber-o-que-importa-a-era-da-curadoria-com-mario-sergio-cortella\/","name":"vers\u00e3o para tv | o que importa \u00e9 saber o que importa: era da curadoria, com mario s\u00e9rgio cortella - instituto cpfl play","isPartOf":{"@id":"https:\/\/institutocpfl.org.br\/play\/#website"},"datePublished":"2016-08-16T18:22:33+00:00","dateModified":"2019-06-05T21:21:04+00:00","breadcrumb":{"@id":"https:\/\/institutocpfl.org.br\/play\/o-que-importa-e-saber-o-que-importa-a-era-da-curadoria-com-mario-sergio-cortella\/#breadcrumb"},"inLanguage":"pt-BR","potentialAction":[{"@type":"ReadAction","target":["https:\/\/institutocpfl.org.br\/play\/o-que-importa-e-saber-o-que-importa-a-era-da-curadoria-com-mario-sergio-cortella\/"]}]},{"@type":"BreadcrumbList","@id":"https:\/\/institutocpfl.org.br\/play\/o-que-importa-e-saber-o-que-importa-a-era-da-curadoria-com-mario-sergio-cortella\/#breadcrumb","itemListElement":[{"@type":"ListItem","position":1,"name":"vers\u00e3o para tv | o que importa \u00e9 saber o que importa: era da curadoria, com mario s\u00e9rgio cortella"}]},{"@type":"WebSite","@id":"https:\/\/institutocpfl.org.br\/play\/#website","url":"https:\/\/institutocpfl.org.br\/play\/","name":"instituto cpfl play","description":"programa\u00e7\u00e3o audiovisual","publisher":{"@id":"https:\/\/institutocpfl.org.br\/play\/#organization"},"potentialAction":[{"@type":"SearchAction","target":{"@type":"EntryPoint","urlTemplate":"https:\/\/institutocpfl.org.br\/play\/?s={search_term_string}"},"query-input":"required name=search_term_string"}],"inLanguage":"pt-BR"},{"@type":"Organization","@id":"https:\/\/institutocpfl.org.br\/play\/#organization","name":"instituto cpfl play","url":"https:\/\/institutocpfl.org.br\/play\/","sameAs":[],"logo":{"@type":"ImageObject","inLanguage":"pt-BR","@id":"https:\/\/institutocpfl.org.br\/play\/#\/schema\/logo\/image\/","url":"https:\/\/institutocpfl.org.br\/play\/wp-content\/uploads\/2017\/11\/logo-cpfl-play__old.png","contentUrl":"https:\/\/institutocpfl.org.br\/play\/wp-content\/uploads\/2017\/11\/logo-cpfl-play__old.png","width":130,"height":58,"caption":"instituto cpfl play"},"image":{"@id":"https:\/\/institutocpfl.org.br\/play\/#\/schema\/logo\/image\/"}},{"@type":"Person","@id":"https:\/\/institutocpfl.org.br\/play\/#\/schema\/person\/5e05f868ce51ddec6c13ff875df83920","name":"brunoazevedo","image":{"@type":"ImageObject","inLanguage":"pt-BR","@id":"https:\/\/institutocpfl.org.br\/play\/#\/schema\/person\/image\/","url":"https:\/\/secure.gravatar.com\/avatar\/3b0c5412e27e086f96981109a1bc70f3?s=96&d=mm&r=g","contentUrl":"https:\/\/secure.gravatar.com\/avatar\/3b0c5412e27e086f96981109a1bc70f3?s=96&d=mm&r=g","caption":"brunoazevedo"},"url":"https:\/\/institutocpfl.org.br\/play\/author\/brunoazevedo\/"}]}},"_links":{"self":[{"href":"https:\/\/institutocpfl.org.br\/play\/wp-json\/wp\/v2\/posts\/254"}],"collection":[{"href":"https:\/\/institutocpfl.org.br\/play\/wp-json\/wp\/v2\/posts"}],"about":[{"href":"https:\/\/institutocpfl.org.br\/play\/wp-json\/wp\/v2\/types\/post"}],"author":[{"embeddable":true,"href":"https:\/\/institutocpfl.org.br\/play\/wp-json\/wp\/v2\/users\/1"}],"replies":[{"embeddable":true,"href":"https:\/\/institutocpfl.org.br\/play\/wp-json\/wp\/v2\/comments?post=254"}],"version-history":[{"count":2,"href":"https:\/\/institutocpfl.org.br\/play\/wp-json\/wp\/v2\/posts\/254\/revisions"}],"predecessor-version":[{"id":1841,"href":"https:\/\/institutocpfl.org.br\/play\/wp-json\/wp\/v2\/posts\/254\/revisions\/1841"}],"wp:featuredmedia":[{"embeddable":true,"href":"https:\/\/institutocpfl.org.br\/play\/wp-json\/wp\/v2\/media\/255"}],"wp:attachment":[{"href":"https:\/\/institutocpfl.org.br\/play\/wp-json\/wp\/v2\/media?parent=254"}],"wp:term":[{"taxonomy":"category","embeddable":true,"href":"https:\/\/institutocpfl.org.br\/play\/wp-json\/wp\/v2\/categories?post=254"},{"taxonomy":"post_tag","embeddable":true,"href":"https:\/\/institutocpfl.org.br\/play\/wp-json\/wp\/v2\/tags?post=254"}],"curies":[{"name":"wp","href":"https:\/\/api.w.org\/{rel}","templated":true}]}}